{"id":28409,"date":"2025-03-27T11:55:37","date_gmt":"2025-03-27T11:55:37","guid":{"rendered":"https:\/\/www.artal.net\/2025\/03\/artal-smart-agriculture-presente-limmunotherapie-vegetale-a-la-deuxieme-edition-dagromurcia\/"},"modified":"2025-09-30T10:13:15","modified_gmt":"2025-09-30T10:13:15","slug":"artal-smart-agriculture-presente-limmunotherapie-vegetale-a-la-deuxieme-edition-dagromurcia","status":"publish","type":"post","link":"https:\/\/www.artal.net\/fr\/2025\/03\/artal-smart-agriculture-presente-limmunotherapie-vegetale-a-la-deuxieme-edition-dagromurcia\/","title":{"rendered":"Artal Smart Agriculture pr\u00e9sente l&rsquo;immunoth\u00e9rapie v\u00e9g\u00e9tale \u00e0 la deuxi\u00e8me \u00e9dition d&rsquo;AgroMurcia"},"content":{"rendered":"<p>Artal Smart Agriculture a particip\u00e9 \u00e0 la deuxi\u00e8me \u00e9dition d&rsquo;AgroMurcia, qui a r\u00e9uni 700 professionnels \u00e0 l&rsquo;Auditorium El Batel de Carthag\u00e8ne les 12 et 13 mars pour analyser et discuter des \u00ab Nouveaux risques phytosanitaires pour l&rsquo;agriculture m\u00e9diterran\u00e9enne \u00bb.<\/p>\n<p>Juan Artal, PDG de l&rsquo;entreprise fond\u00e9e en 1895, a donn\u00e9 la pr\u00e9sentation \u00ab Pleurer ou \u00e9voluer : l&rsquo;immunoth\u00e9rapie v\u00e9g\u00e9tale \u00bb, une nouvelle th\u00e9rapie biologique bas\u00e9e sur l&rsquo;identification ou le d\u00e9veloppement de substances produites par des plantes ou fabriqu\u00e9es en laboratoire pour am\u00e9liorer, activer, renforcer ou am\u00e9liorer leur syst\u00e8me immunitaire, les rendant plus r\u00e9silients.<\/p>\n<p><strong>Artal Smart Agriculture<\/strong> a travaill\u00e9 avec l&rsquo;Universit\u00e9 Jaume I de Castell\u00f3n (UJI) pour trouver des solutions permettant une <strong>production s\u00fbre, durable et hautement productive.<\/strong><em> Gr\u00e2ce \u00e0 cette collaboration, ils ont d\u00e9velopp\u00e9 cette technologie qui stimule le syst\u00e8me immunitaire des plantes, \u00ab un ensemble de m\u00e9canismes de d\u00e9fense que les plantes ont d\u00e9velopp\u00e9 tout au long de leur \u00e9volution pour se prot\u00e9ger des parasites et des maladies, l&rsquo;outil naturel qui leur a permis de survivre pendant des mill\u00e9naires \u00bb.<\/em><\/p>\n<p><em>En 2018, elle est devenue la premi\u00e8re entreprise au monde \u00e0 d\u00e9velopper cette technologie activatrice du syst\u00e8me immunologique (priming) et v\u00e9rifie son efficacit\u00e9 sur le terrain depuis plus de cinq ans. \u00ab Gr\u00e2ce au priming, nous pr\u00e9parons le syst\u00e8me immunitaire des plantes \u00e0 r\u00e9agir plus rapidement, plus efficacement et plus longtemps \u00e0 un stress sp\u00e9cifique \u00bb, a soulign\u00e9 Juan Artal dans sa pr\u00e9sentation.<\/em><\/p>\n<p><em>Cette technologie s\u2019est av\u00e9r\u00e9e efficace contre les <em>aleurodes<\/em>, les <em>pucerons<\/em>, les <em>thrips<\/em>, les <em>acariens <\/em>et les <em>champignons n\u00e9crotrophes<\/em>. Parmi les succ\u00e8s obtenus depuis son lancement, Artal a cit\u00e9 la r\u00e9duction de la pr\u00e9sence d\u2019<em>aleurodes <\/em>dans les plants de tomates gr\u00e2ce \u00e0 la lib\u00e9ration de compos\u00e9s volatils antix\u00e9notiques ; la diminution de la pr\u00e9sence et des dommages caus\u00e9s par l\u2019<em>acariose bronz\u00e9e<\/em> et le <em>Tuta absoluta<\/em> dans la tomate ; la r\u00e9duction significative des <em>pucerons <\/em>sur les poivrons ; la r\u00e9duction du nombre d\u2019\u0153ufs, de larves et d\u2019adultes d\u2019<em>araign\u00e9e rouge<\/em> dans les mandariniers, gr\u00e2ce \u00e0 la lib\u00e9ration de substances \u00e0 effet antix\u00e9nosique et antibiose ; la r\u00e9duction significative des d\u00e9g\u00e2ts caus\u00e9s par <em>Botrytis <\/em>sur la tomate, tant sur les feuilles que sur les fruits ; la diminution des populations d&rsquo;<em>araign\u00e9es rouges<\/em> dans les plants de fraisiers stimul\u00e9s par le priming (jusqu&rsquo;\u00e0 90 % par rapport aux plants non stimul\u00e9s) ; ou r\u00e9duire les dommages caus\u00e9s par le <em>psylle <\/em>du poirier et la <em>cicadelle des grillures<\/em> dans les vignes.<\/em><\/p>\n<p><em>Dans tous ces exemples, une r\u00e9duction significative de la quantit\u00e9 de pesticides utilis\u00e9s pour lutter contre les organismes nuisibles a \u00e9t\u00e9 obtenue sans perte d\u2019efficacit\u00e9.<br \/><\/em><\/p>\n<p><em>Dans sa pr\u00e9sentation, Artal a expliqu\u00e9 que le priming <em>fonctionne \u00ab pour le bien de la plante et uniquement pour la plante <\/em>\u00bb. Il n\u2019a aucun effet direct sur les ravageurs et les maladies, poss\u00e8de un large spectre et convient \u00e0 toutes les cultures.<\/em><\/p>\n","protected":false},"excerpt":{"rendered":"<p>Artal Smart Agriculture a particip\u00e9 \u00e0 la deuxi\u00e8me \u00e9dition d&rsquo;AgroMurcia, qui a r\u00e9uni 700 professionnels \u00e0 l&rsquo;Auditorium El Batel de Carthag\u00e8ne les 12 et 13 mars pour analyser et discuter des \u00ab Nouveaux risques phytosanitaires pour l&rsquo;agriculture m\u00e9diterran\u00e9enne \u00bb. Juan Artal, PDG de l&rsquo;entreprise fond\u00e9e en 1895, a donn\u00e9 la pr\u00e9sentation \u00ab Pleurer ou \u00e9voluer [&hellip;]<\/p>\n","protected":false},"author":1,"featured_media":30748,"comment_status":"closed","ping_status":"open","sticky":false,"template":"","format":"standard","meta":{"_acf_changed":false,"footnotes":""},"categories":[148],"tags":[],"categoria-productos-artal":[],"class_list":["post-28409","post","type-post","status-publish","format-standard","has-post-thumbnail","hentry","category-nouvelles"],"acf":[],"yoast_head":"<!-- This site is optimized with the Yoast SEO plugin v27.4 - https:\/\/yoast.com\/product\/yoast-seo-wordpress\/ -->\n<title>Artal Smart Agriculture pr\u00e9sente l&#039;immunoth\u00e9rapie v\u00e9g\u00e9tale \u00e0 la deuxi\u00e8me \u00e9dition d&#039;AgroMurcia - ARTAL Smart Agriculture<\/title>\n<meta name=\"robots\" content=\"index, follow, max-snippet:-1, max-image-preview:large, max-video-preview:-1\" \/>\n<link rel=\"canonical\" href=\"https:\/\/www.artal.net\/fr\/2025\/03\/artal-smart-agriculture-presente-limmunotherapie-vegetale-a-la-deuxieme-edition-dagromurcia\/\" \/>\n<meta property=\"og:locale\" content=\"fr_FR\" \/>\n<meta property=\"og:type\" content=\"article\" \/>\n<meta property=\"og:title\" content=\"Artal Smart Agriculture pr\u00e9sente l&#039;immunoth\u00e9rapie v\u00e9g\u00e9tale \u00e0 la deuxi\u00e8me \u00e9dition d&#039;AgroMurcia - ARTAL Smart Agriculture\" \/>\n<meta property=\"og:description\" content=\"Artal Smart Agriculture a particip\u00e9 \u00e0 la deuxi\u00e8me \u00e9dition d&rsquo;AgroMurcia, qui a r\u00e9uni 700 professionnels \u00e0 l&rsquo;Auditorium El Batel de Carthag\u00e8ne les 12 et 13 mars pour analyser et discuter des \u00ab Nouveaux risques phytosanitaires pour l&rsquo;agriculture m\u00e9diterran\u00e9enne \u00bb. Juan Artal, PDG de l&rsquo;entreprise fond\u00e9e en 1895, a donn\u00e9 la pr\u00e9sentation \u00ab Pleurer ou \u00e9voluer [&hellip;]\" \/>\n<meta property=\"og:url\" content=\"https:\/\/www.artal.net\/fr\/2025\/03\/artal-smart-agriculture-presente-limmunotherapie-vegetale-a-la-deuxieme-edition-dagromurcia\/\" \/>\n<meta property=\"og:site_name\" content=\"ARTAL Smart Agriculture\" \/>\n<meta property=\"article:publisher\" content=\"https:\/\/www.facebook.com\/ArtalSmartAgriculture\/\" \/>\n<meta property=\"article:published_time\" content=\"2025-03-27T11:55:37+00:00\" \/>\n<meta property=\"article:modified_time\" content=\"2025-09-30T10:13:15+00:00\" \/>\n<meta property=\"og:image\" content=\"https:\/\/www.artal.net\/wp-content\/uploads\/2025\/03\/54409599541_cf920c6678_o-scaled-2.jpg\" \/>\n\t<meta property=\"og:image:width\" content=\"2547\" \/>\n\t<meta property=\"og:image:height\" content=\"2560\" \/>\n\t<meta property=\"og:image:type\" content=\"image\/jpeg\" \/>\n<meta name=\"author\" content=\"admin\" \/>\n<meta name=\"twitter:card\" content=\"summary_large_image\" \/>\n<meta name=\"twitter:label1\" content=\"\u00c9crit par\" \/>\n\t<meta name=\"twitter:data1\" content=\"admin\" \/>\n\t<meta name=\"twitter:label2\" content=\"Dur\u00e9e de lecture estim\u00e9e\" \/>\n\t<meta name=\"twitter:data2\" content=\"3 minutes\" \/>\n<script type=\"application\/ld+json\" class=\"yoast-schema-graph\">{\"@context\":\"https:\\\/\\\/schema.org\",\"@graph\":[{\"@type\":\"Article\",\"@id\":\"https:\\\/\\\/www.artal.net\\\/fr\\\/2025\\\/03\\\/artal-smart-agriculture-presente-limmunotherapie-vegetale-a-la-deuxieme-edition-dagromurcia\\\/#article\",\"isPartOf\":{\"@id\":\"https:\\\/\\\/www.artal.net\\\/fr\\\/2025\\\/03\\\/artal-smart-agriculture-presente-limmunotherapie-vegetale-a-la-deuxieme-edition-dagromurcia\\\/\"},\"author\":{\"name\":\"admin\",\"@id\":\"https:\\\/\\\/www.artal.net\\\/fr\\\/#\\\/schema\\\/person\\\/9a937bd2cffdd3a823f06a77f9a62cd2\"},\"headline\":\"Artal Smart Agriculture pr\u00e9sente l&rsquo;immunoth\u00e9rapie v\u00e9g\u00e9tale \u00e0 la deuxi\u00e8me \u00e9dition d&rsquo;AgroMurcia\",\"datePublished\":\"2025-03-27T11:55:37+00:00\",\"dateModified\":\"2025-09-30T10:13:15+00:00\",\"mainEntityOfPage\":{\"@id\":\"https:\\\/\\\/www.artal.net\\\/fr\\\/2025\\\/03\\\/artal-smart-agriculture-presente-limmunotherapie-vegetale-a-la-deuxieme-edition-dagromurcia\\\/\"},\"wordCount\":538,\"publisher\":{\"@id\":\"https:\\\/\\\/www.artal.net\\\/fr\\\/#organization\"},\"image\":{\"@id\":\"https:\\\/\\\/www.artal.net\\\/fr\\\/2025\\\/03\\\/artal-smart-agriculture-presente-limmunotherapie-vegetale-a-la-deuxieme-edition-dagromurcia\\\/#primaryimage\"},\"thumbnailUrl\":\"https:\\\/\\\/www.artal.net\\\/wp-content\\\/uploads\\\/2025\\\/03\\\/54409599541_cf920c6678_o-scaled-1.jpg\",\"articleSection\":[\"NOUVELLES\"],\"inLanguage\":\"fr-FR\"},{\"@type\":\"WebPage\",\"@id\":\"https:\\\/\\\/www.artal.net\\\/fr\\\/2025\\\/03\\\/artal-smart-agriculture-presente-limmunotherapie-vegetale-a-la-deuxieme-edition-dagromurcia\\\/\",\"url\":\"https:\\\/\\\/www.artal.net\\\/fr\\\/2025\\\/03\\\/artal-smart-agriculture-presente-limmunotherapie-vegetale-a-la-deuxieme-edition-dagromurcia\\\/\",\"name\":\"Artal Smart Agriculture pr\u00e9sente l'immunoth\u00e9rapie v\u00e9g\u00e9tale \u00e0 la deuxi\u00e8me \u00e9dition d'AgroMurcia - ARTAL Smart Agriculture\",\"isPartOf\":{\"@id\":\"https:\\\/\\\/www.artal.net\\\/fr\\\/#website\"},\"primaryImageOfPage\":{\"@id\":\"https:\\\/\\\/www.artal.net\\\/fr\\\/2025\\\/03\\\/artal-smart-agriculture-presente-limmunotherapie-vegetale-a-la-deuxieme-edition-dagromurcia\\\/#primaryimage\"},\"image\":{\"@id\":\"https:\\\/\\\/www.artal.net\\\/fr\\\/2025\\\/03\\\/artal-smart-agriculture-presente-limmunotherapie-vegetale-a-la-deuxieme-edition-dagromurcia\\\/#primaryimage\"},\"thumbnailUrl\":\"https:\\\/\\\/www.artal.net\\\/wp-content\\\/uploads\\\/2025\\\/03\\\/54409599541_cf920c6678_o-scaled-1.jpg\",\"datePublished\":\"2025-03-27T11:55:37+00:00\",\"dateModified\":\"2025-09-30T10:13:15+00:00\",\"breadcrumb\":{\"@id\":\"https:\\\/\\\/www.artal.net\\\/fr\\\/2025\\\/03\\\/artal-smart-agriculture-presente-limmunotherapie-vegetale-a-la-deuxieme-edition-dagromurcia\\\/#breadcrumb\"},\"inLanguage\":\"fr-FR\",\"potentialAction\":[{\"@type\":\"ReadAction\",\"target\":[\"https:\\\/\\\/www.artal.net\\\/fr\\\/2025\\\/03\\\/artal-smart-agriculture-presente-limmunotherapie-vegetale-a-la-deuxieme-edition-dagromurcia\\\/\"]}]},{\"@type\":\"ImageObject\",\"inLanguage\":\"fr-FR\",\"@id\":\"https:\\\/\\\/www.artal.net\\\/fr\\\/2025\\\/03\\\/artal-smart-agriculture-presente-limmunotherapie-vegetale-a-la-deuxieme-edition-dagromurcia\\\/#primaryimage\",\"url\":\"https:\\\/\\\/www.artal.net\\\/wp-content\\\/uploads\\\/2025\\\/03\\\/54409599541_cf920c6678_o-scaled-1.jpg\",\"contentUrl\":\"https:\\\/\\\/www.artal.net\\\/wp-content\\\/uploads\\\/2025\\\/03\\\/54409599541_cf920c6678_o-scaled-1.jpg\",\"width\":2547,\"height\":2560,\"caption\":\"Artal at AgroMurcia\"},{\"@type\":\"BreadcrumbList\",\"@id\":\"https:\\\/\\\/www.artal.net\\\/fr\\\/2025\\\/03\\\/artal-smart-agriculture-presente-limmunotherapie-vegetale-a-la-deuxieme-edition-dagromurcia\\\/#breadcrumb\",\"itemListElement\":[{\"@type\":\"ListItem\",\"position\":1,\"name\":\"Portada\",\"item\":\"https:\\\/\\\/www.artal.net\\\/fr\\\/\"},{\"@type\":\"ListItem\",\"position\":2,\"name\":\"Artal Smart Agriculture pr\u00e9sente l&#8217;immunoth\u00e9rapie v\u00e9g\u00e9tale \u00e0 la deuxi\u00e8me \u00e9dition d&#8217;AgroMurcia\"}]},{\"@type\":\"WebSite\",\"@id\":\"https:\\\/\\\/www.artal.net\\\/fr\\\/#website\",\"url\":\"https:\\\/\\\/www.artal.net\\\/fr\\\/\",\"name\":\"ARTAL Smart Agriculture\",\"description\":\"Empresa y fabricante de fertilizantes l\u00edquidos y org\u00e1nicos para la agricultura\",\"publisher\":{\"@id\":\"https:\\\/\\\/www.artal.net\\\/fr\\\/#organization\"},\"potentialAction\":[{\"@type\":\"SearchAction\",\"target\":{\"@type\":\"EntryPoint\",\"urlTemplate\":\"https:\\\/\\\/www.artal.net\\\/fr\\\/?s={search_term_string}\"},\"query-input\":{\"@type\":\"PropertyValueSpecification\",\"valueRequired\":true,\"valueName\":\"search_term_string\"}}],\"inLanguage\":\"fr-FR\"},{\"@type\":\"Organization\",\"@id\":\"https:\\\/\\\/www.artal.net\\\/fr\\\/#organization\",\"name\":\"ARTAL Smart Agriculture\",\"url\":\"https:\\\/\\\/www.artal.net\\\/fr\\\/\",\"logo\":{\"@type\":\"ImageObject\",\"inLanguage\":\"fr-FR\",\"@id\":\"https:\\\/\\\/www.artal.net\\\/fr\\\/#\\\/schema\\\/logo\\\/image\\\/\",\"url\":\"https:\\\/\\\/www.artal.net\\\/wp-content\\\/uploads\\\/2025\\\/09\\\/artal-logo.png\",\"contentUrl\":\"https:\\\/\\\/www.artal.net\\\/wp-content\\\/uploads\\\/2025\\\/09\\\/artal-logo.png\",\"width\":1062,\"height\":525,\"caption\":\"ARTAL Smart Agriculture\"},\"image\":{\"@id\":\"https:\\\/\\\/www.artal.net\\\/fr\\\/#\\\/schema\\\/logo\\\/image\\\/\"},\"sameAs\":[\"https:\\\/\\\/www.facebook.com\\\/ArtalSmartAgriculture\\\/\",\"https:\\\/\\\/www.youtube.com\\\/channel\\\/UCd_FVIbacOAp2mI_0Q-J4UA\"]},{\"@type\":\"Person\",\"@id\":\"https:\\\/\\\/www.artal.net\\\/fr\\\/#\\\/schema\\\/person\\\/9a937bd2cffdd3a823f06a77f9a62cd2\",\"name\":\"admin\",\"image\":{\"@type\":\"ImageObject\",\"inLanguage\":\"fr-FR\",\"@id\":\"https:\\\/\\\/secure.gravatar.com\\\/avatar\\\/b01dda6d7de4e01bc25f53572e6fe2cf934f1315139c2647b8ca1022bb9e3e0b?s=96&d=mm&r=g\",\"url\":\"https:\\\/\\\/secure.gravatar.com\\\/avatar\\\/b01dda6d7de4e01bc25f53572e6fe2cf934f1315139c2647b8ca1022bb9e3e0b?s=96&d=mm&r=g\",\"contentUrl\":\"https:\\\/\\\/secure.gravatar.com\\\/avatar\\\/b01dda6d7de4e01bc25f53572e6fe2cf934f1315139c2647b8ca1022bb9e3e0b?s=96&d=mm&r=g\",\"caption\":\"admin\"},\"sameAs\":[\"https:\\\/\\\/www.artal.net\"]}]}<\/script>\n<!-- \/ Yoast SEO plugin. -->","yoast_head_json":{"title":"Artal Smart Agriculture pr\u00e9sente l'immunoth\u00e9rapie v\u00e9g\u00e9tale \u00e0 la deuxi\u00e8me \u00e9dition d'AgroMurcia - ARTAL Smart Agriculture","robots":{"index":"index","follow":"follow","max-snippet":"max-snippet:-1","max-image-preview":"max-image-preview:large","max-video-preview":"max-video-preview:-1"},"canonical":"https:\/\/www.artal.net\/fr\/2025\/03\/artal-smart-agriculture-presente-limmunotherapie-vegetale-a-la-deuxieme-edition-dagromurcia\/","og_locale":"fr_FR","og_type":"article","og_title":"Artal Smart Agriculture pr\u00e9sente l'immunoth\u00e9rapie v\u00e9g\u00e9tale \u00e0 la deuxi\u00e8me \u00e9dition d'AgroMurcia - ARTAL Smart Agriculture","og_description":"Artal Smart Agriculture a particip\u00e9 \u00e0 la deuxi\u00e8me \u00e9dition d&rsquo;AgroMurcia, qui a r\u00e9uni 700 professionnels \u00e0 l&rsquo;Auditorium El Batel de Carthag\u00e8ne les 12 et 13 mars pour analyser et discuter des \u00ab Nouveaux risques phytosanitaires pour l&rsquo;agriculture m\u00e9diterran\u00e9enne \u00bb. Juan Artal, PDG de l&rsquo;entreprise fond\u00e9e en 1895, a donn\u00e9 la pr\u00e9sentation \u00ab Pleurer ou \u00e9voluer [&hellip;]","og_url":"https:\/\/www.artal.net\/fr\/2025\/03\/artal-smart-agriculture-presente-limmunotherapie-vegetale-a-la-deuxieme-edition-dagromurcia\/","og_site_name":"ARTAL Smart Agriculture","article_publisher":"https:\/\/www.facebook.com\/ArtalSmartAgriculture\/","article_published_time":"2025-03-27T11:55:37+00:00","article_modified_time":"2025-09-30T10:13:15+00:00","og_image":[{"width":2547,"height":2560,"url":"https:\/\/www.artal.net\/wp-content\/uploads\/2025\/03\/54409599541_cf920c6678_o-scaled-2.jpg","type":"image\/jpeg"}],"author":"admin","twitter_card":"summary_large_image","twitter_misc":{"\u00c9crit par":"admin","Dur\u00e9e de lecture estim\u00e9e":"3 minutes"},"schema":{"@context":"https:\/\/schema.org","@graph":[{"@type":"Article","@id":"https:\/\/www.artal.net\/fr\/2025\/03\/artal-smart-agriculture-presente-limmunotherapie-vegetale-a-la-deuxieme-edition-dagromurcia\/#article","isPartOf":{"@id":"https:\/\/www.artal.net\/fr\/2025\/03\/artal-smart-agriculture-presente-limmunotherapie-vegetale-a-la-deuxieme-edition-dagromurcia\/"},"author":{"name":"admin","@id":"https:\/\/www.artal.net\/fr\/#\/schema\/person\/9a937bd2cffdd3a823f06a77f9a62cd2"},"headline":"Artal Smart Agriculture pr\u00e9sente l&rsquo;immunoth\u00e9rapie v\u00e9g\u00e9tale \u00e0 la deuxi\u00e8me \u00e9dition d&rsquo;AgroMurcia","datePublished":"2025-03-27T11:55:37+00:00","dateModified":"2025-09-30T10:13:15+00:00","mainEntityOfPage":{"@id":"https:\/\/www.artal.net\/fr\/2025\/03\/artal-smart-agriculture-presente-limmunotherapie-vegetale-a-la-deuxieme-edition-dagromurcia\/"},"wordCount":538,"publisher":{"@id":"https:\/\/www.artal.net\/fr\/#organization"},"image":{"@id":"https:\/\/www.artal.net\/fr\/2025\/03\/artal-smart-agriculture-presente-limmunotherapie-vegetale-a-la-deuxieme-edition-dagromurcia\/#primaryimage"},"thumbnailUrl":"https:\/\/www.artal.net\/wp-content\/uploads\/2025\/03\/54409599541_cf920c6678_o-scaled-1.jpg","articleSection":["NOUVELLES"],"inLanguage":"fr-FR"},{"@type":"WebPage","@id":"https:\/\/www.artal.net\/fr\/2025\/03\/artal-smart-agriculture-presente-limmunotherapie-vegetale-a-la-deuxieme-edition-dagromurcia\/","url":"https:\/\/www.artal.net\/fr\/2025\/03\/artal-smart-agriculture-presente-limmunotherapie-vegetale-a-la-deuxieme-edition-dagromurcia\/","name":"Artal Smart Agriculture pr\u00e9sente l'immunoth\u00e9rapie v\u00e9g\u00e9tale \u00e0 la deuxi\u00e8me \u00e9dition d'AgroMurcia - ARTAL Smart Agriculture","isPartOf":{"@id":"https:\/\/www.artal.net\/fr\/#website"},"primaryImageOfPage":{"@id":"https:\/\/www.artal.net\/fr\/2025\/03\/artal-smart-agriculture-presente-limmunotherapie-vegetale-a-la-deuxieme-edition-dagromurcia\/#primaryimage"},"image":{"@id":"https:\/\/www.artal.net\/fr\/2025\/03\/artal-smart-agriculture-presente-limmunotherapie-vegetale-a-la-deuxieme-edition-dagromurcia\/#primaryimage"},"thumbnailUrl":"https:\/\/www.artal.net\/wp-content\/uploads\/2025\/03\/54409599541_cf920c6678_o-scaled-1.jpg","datePublished":"2025-03-27T11:55:37+00:00","dateModified":"2025-09-30T10:13:15+00:00","breadcrumb":{"@id":"https:\/\/www.artal.net\/fr\/2025\/03\/artal-smart-agriculture-presente-limmunotherapie-vegetale-a-la-deuxieme-edition-dagromurcia\/#breadcrumb"},"inLanguage":"fr-FR","potentialAction":[{"@type":"ReadAction","target":["https:\/\/www.artal.net\/fr\/2025\/03\/artal-smart-agriculture-presente-limmunotherapie-vegetale-a-la-deuxieme-edition-dagromurcia\/"]}]},{"@type":"ImageObject","inLanguage":"fr-FR","@id":"https:\/\/www.artal.net\/fr\/2025\/03\/artal-smart-agriculture-presente-limmunotherapie-vegetale-a-la-deuxieme-edition-dagromurcia\/#primaryimage","url":"https:\/\/www.artal.net\/wp-content\/uploads\/2025\/03\/54409599541_cf920c6678_o-scaled-1.jpg","contentUrl":"https:\/\/www.artal.net\/wp-content\/uploads\/2025\/03\/54409599541_cf920c6678_o-scaled-1.jpg","width":2547,"height":2560,"caption":"Artal at AgroMurcia"},{"@type":"BreadcrumbList","@id":"https:\/\/www.artal.net\/fr\/2025\/03\/artal-smart-agriculture-presente-limmunotherapie-vegetale-a-la-deuxieme-edition-dagromurcia\/#breadcrumb","itemListElement":[{"@type":"ListItem","position":1,"name":"Portada","item":"https:\/\/www.artal.net\/fr\/"},{"@type":"ListItem","position":2,"name":"Artal Smart Agriculture pr\u00e9sente l&#8217;immunoth\u00e9rapie v\u00e9g\u00e9tale \u00e0 la deuxi\u00e8me \u00e9dition d&#8217;AgroMurcia"}]},{"@type":"WebSite","@id":"https:\/\/www.artal.net\/fr\/#website","url":"https:\/\/www.artal.net\/fr\/","name":"ARTAL Smart Agriculture","description":"Empresa y fabricante de fertilizantes l\u00edquidos y org\u00e1nicos para la agricultura","publisher":{"@id":"https:\/\/www.artal.net\/fr\/#organization"},"potentialAction":[{"@type":"SearchAction","target":{"@type":"EntryPoint","urlTemplate":"https:\/\/www.artal.net\/fr\/?s={search_term_string}"},"query-input":{"@type":"PropertyValueSpecification","valueRequired":true,"valueName":"search_term_string"}}],"inLanguage":"fr-FR"},{"@type":"Organization","@id":"https:\/\/www.artal.net\/fr\/#organization","name":"ARTAL Smart Agriculture","url":"https:\/\/www.artal.net\/fr\/","logo":{"@type":"ImageObject","inLanguage":"fr-FR","@id":"https:\/\/www.artal.net\/fr\/#\/schema\/logo\/image\/","url":"https:\/\/www.artal.net\/wp-content\/uploads\/2025\/09\/artal-logo.png","contentUrl":"https:\/\/www.artal.net\/wp-content\/uploads\/2025\/09\/artal-logo.png","width":1062,"height":525,"caption":"ARTAL Smart Agriculture"},"image":{"@id":"https:\/\/www.artal.net\/fr\/#\/schema\/logo\/image\/"},"sameAs":["https:\/\/www.facebook.com\/ArtalSmartAgriculture\/","https:\/\/www.youtube.com\/channel\/UCd_FVIbacOAp2mI_0Q-J4UA"]},{"@type":"Person","@id":"https:\/\/www.artal.net\/fr\/#\/schema\/person\/9a937bd2cffdd3a823f06a77f9a62cd2","name":"admin","image":{"@type":"ImageObject","inLanguage":"fr-FR","@id":"https:\/\/secure.gravatar.com\/avatar\/b01dda6d7de4e01bc25f53572e6fe2cf934f1315139c2647b8ca1022bb9e3e0b?s=96&d=mm&r=g","url":"https:\/\/secure.gravatar.com\/avatar\/b01dda6d7de4e01bc25f53572e6fe2cf934f1315139c2647b8ca1022bb9e3e0b?s=96&d=mm&r=g","contentUrl":"https:\/\/secure.gravatar.com\/avatar\/b01dda6d7de4e01bc25f53572e6fe2cf934f1315139c2647b8ca1022bb9e3e0b?s=96&d=mm&r=g","caption":"admin"},"sameAs":["https:\/\/www.artal.net"]}]}},"_links":{"self":[{"href":"https:\/\/www.artal.net\/fr\/wp-json\/wp\/v2\/posts\/28409","targetHints":{"allow":["GET"]}}],"collection":[{"href":"https:\/\/www.artal.net\/fr\/wp-json\/wp\/v2\/posts"}],"about":[{"href":"https:\/\/www.artal.net\/fr\/wp-json\/wp\/v2\/types\/post"}],"author":[{"embeddable":true,"href":"https:\/\/www.artal.net\/fr\/wp-json\/wp\/v2\/users\/1"}],"replies":[{"embeddable":true,"href":"https:\/\/www.artal.net\/fr\/wp-json\/wp\/v2\/comments?post=28409"}],"version-history":[{"count":1,"href":"https:\/\/www.artal.net\/fr\/wp-json\/wp\/v2\/posts\/28409\/revisions"}],"predecessor-version":[{"id":30339,"href":"https:\/\/www.artal.net\/fr\/wp-json\/wp\/v2\/posts\/28409\/revisions\/30339"}],"wp:featuredmedia":[{"embeddable":true,"href":"https:\/\/www.artal.net\/fr\/wp-json\/wp\/v2\/media\/30748"}],"wp:attachment":[{"href":"https:\/\/www.artal.net\/fr\/wp-json\/wp\/v2\/media?parent=28409"}],"wp:term":[{"taxonomy":"category","embeddable":true,"href":"https:\/\/www.artal.net\/fr\/wp-json\/wp\/v2\/categories?post=28409"},{"taxonomy":"post_tag","embeddable":true,"href":"https:\/\/www.artal.net\/fr\/wp-json\/wp\/v2\/tags?post=28409"},{"taxonomy":"categoria-productos-artal","embeddable":true,"href":"https:\/\/www.artal.net\/fr\/wp-json\/wp\/v2\/categoria-productos-artal?post=28409"}],"curies":[{"name":"wp","href":"https:\/\/api.w.org\/{rel}","templated":true}]}}