{"id":28041,"date":"2024-11-05T12:57:20","date_gmt":"2024-11-05T12:57:20","guid":{"rendered":"https:\/\/www.artal.net\/2024\/11\/artal-smart-agriculture-reversera_10-de-ses-benefices-annuels-aux-personnes-touchees-par-la-goutte-froideid\/"},"modified":"2025-09-30T10:13:08","modified_gmt":"2025-09-30T10:13:08","slug":"artal-smart-agriculture-reversera_10-de-ses-benefices-annuels-aux-personnes-touchees-par-la-goutte-froideid","status":"publish","type":"post","link":"https:\/\/www.artal.net\/fr\/2024\/11\/artal-smart-agriculture-reversera_10-de-ses-benefices-annuels-aux-personnes-touchees-par-la-goutte-froideid\/","title":{"rendered":"Artal Smart Agriculture reversera 10 % de ses b\u00e9n\u00e9fices annuels aux personnes touch\u00e9es par la goutte froide"},"content":{"rendered":"\n<p>Artal Smart Agriculture a pris la d\u00e9cision de reverser 10 % des b\u00e9n\u00e9fices de 2024 aux personnes touch\u00e9es par la goutte froide froid qui a d\u00e9vast\u00e9 certaines villes de la province de Valence.<\/p>\n\n<p>L&rsquo;entreprise de biotechnologie, situ\u00e9e \u00e0 Paterna, n&rsquo;a subi aucun dommage personnel ou mat\u00e9riel, \u00e9tant donn\u00e9 que la forte temp\u00eate a principalement touch\u00e9 le sud et l&rsquo;int\u00e9rieur de la province. Mais, consciente de l&rsquo;ampleur de la trag\u00e9die, elle a d\u00e9cid\u00e9 d&rsquo;aider directement les plus touch\u00e9s et exhorte le reste des entreprises valenciennes et espagnoles qui s&rsquo;en sont sorties indemnes, \u00e0 collaborer pour am\u00e9liorer la situation de milliers de familles, d&rsquo;entreprises et d&rsquo;entreprises.<\/p>\n\n<p>Artal Smart Agriculture contactera les associations professionnelles auxquelles elle appartient pour coop\u00e9rer ensemble et veiller \u00e0 ce que l&rsquo;argent r\u00e9colt\u00e9 parvienne aux victimes le plus rapidement et le plus efficacement possible.<\/p>\n\n<p>L&rsquo;entreprise centenaire, qui a d\u00e9j\u00e0 souffert de pr\u00e8s d&rsquo;autres \u00e9v\u00e9nements tragiques comme l&rsquo;inondation de Valence de 1957 et le d\u00e9bordement du r\u00e9servoir de tous de 1982, est fermement convaincue que, comme \u00e0 ces occasions, le peuple valencien sortira plus fort de ce malheur, gr\u00e2ce \u00e0 son caract\u00e8re. et la d\u00e9termination.<\/p>\n\n<figure class=\"wp-block-embed is-type-video is-provider-youtube wp-block-embed-youtube wp-embed-aspect-16-9 wp-has-aspect-ratio\"><div class=\"wp-block-embed__wrapper\">\n<iframe title=\"Cold drop Valencia October 29, 2024\" width=\"800\" height=\"450\" src=\"https:\/\/www.youtube.com\/embed\/62Zy1il7e9s?feature=oembed\" frameborder=\"0\" allow=\"accelerometer; autoplay; clipboard-write; encrypted-media; gyroscope; picture-in-picture; web-share\" referrerpolicy=\"strict-origin-when-cross-origin\" allowfullscreen><\/iframe>\n<\/div><\/figure>\n","protected":false},"excerpt":{"rendered":"<p>Artal Smart Agriculture a pris la d\u00e9cision de reverser 10 % des b\u00e9n\u00e9fices de 2024 aux personnes touch\u00e9es par la goutte froide froid qui a d\u00e9vast\u00e9 certaines villes de la province de Valence. L&rsquo;entreprise de biotechnologie, situ\u00e9e \u00e0 Paterna, n&rsquo;a subi aucun dommage personnel ou mat\u00e9riel, \u00e9tant donn\u00e9 que la forte temp\u00eate a principalement touch\u00e9 [&hellip;]<\/p>\n","protected":false},"author":1,"featured_media":28032,"comment_status":"closed","ping_status":"open","sticky":false,"template":"","format":"standard","meta":{"_acf_changed":false,"footnotes":""},"categories":[148],"tags":[],"categoria-productos-artal":[],"class_list":["post-28041","post","type-post","status-publish","format-standard","has-post-thumbnail","hentry","category-nouvelles"],"acf":[],"yoast_head":"<!-- This site is optimized with the Yoast SEO plugin v27.4 - https:\/\/yoast.com\/product\/yoast-seo-wordpress\/ -->\n<title>Artal Smart Agriculture reversera 10 % de ses b\u00e9n\u00e9fices annuels aux personnes touch\u00e9es par la goutte froide - ARTAL Smart Agriculture<\/title>\n<meta name=\"robots\" content=\"index, follow, max-snippet:-1, max-image-preview:large, max-video-preview:-1\" \/>\n<link rel=\"canonical\" href=\"https:\/\/www.artal.net\/fr\/2024\/11\/artal-smart-agriculture-reversera_10-de-ses-benefices-annuels-aux-personnes-touchees-par-la-goutte-froideid\/\" \/>\n<meta property=\"og:locale\" content=\"fr_FR\" \/>\n<meta property=\"og:type\" content=\"article\" \/>\n<meta property=\"og:title\" content=\"Artal Smart Agriculture reversera 10 % de ses b\u00e9n\u00e9fices annuels aux personnes touch\u00e9es par la goutte froide - ARTAL Smart Agriculture\" \/>\n<meta property=\"og:description\" content=\"Artal Smart Agriculture a pris la d\u00e9cision de reverser 10 % des b\u00e9n\u00e9fices de 2024 aux personnes touch\u00e9es par la goutte froide froid qui a d\u00e9vast\u00e9 certaines villes de la province de Valence. L&rsquo;entreprise de biotechnologie, situ\u00e9e \u00e0 Paterna, n&rsquo;a subi aucun dommage personnel ou mat\u00e9riel, \u00e9tant donn\u00e9 que la forte temp\u00eate a principalement touch\u00e9 [&hellip;]\" \/>\n<meta property=\"og:url\" content=\"https:\/\/www.artal.net\/fr\/2024\/11\/artal-smart-agriculture-reversera_10-de-ses-benefices-annuels-aux-personnes-touchees-par-la-goutte-froideid\/\" \/>\n<meta property=\"og:site_name\" content=\"ARTAL Smart Agriculture\" \/>\n<meta property=\"article:publisher\" content=\"https:\/\/www.facebook.com\/ArtalSmartAgriculture\/\" \/>\n<meta property=\"article:published_time\" content=\"2024-11-05T12:57:20+00:00\" \/>\n<meta property=\"article:modified_time\" content=\"2025-09-30T10:13:08+00:00\" \/>\n<meta property=\"og:image\" content=\"https:\/\/www.artal.net\/wp-content\/uploads\/2024\/11\/DANA-Valencia.jpg\" \/>\n\t<meta property=\"og:image:width\" content=\"750\" \/>\n\t<meta property=\"og:image:height\" content=\"626\" \/>\n\t<meta property=\"og:image:type\" content=\"image\/jpeg\" \/>\n<meta name=\"author\" content=\"admin\" \/>\n<meta name=\"twitter:card\" content=\"summary_large_image\" \/>\n<meta name=\"twitter:label1\" content=\"\u00c9crit par\" \/>\n\t<meta name=\"twitter:data1\" content=\"admin\" \/>\n\t<meta name=\"twitter:label2\" content=\"Dur\u00e9e de lecture estim\u00e9e\" \/>\n\t<meta name=\"twitter:data2\" content=\"1 minute\" \/>\n<script type=\"application\/ld+json\" class=\"yoast-schema-graph\">{\"@context\":\"https:\\\/\\\/schema.org\",\"@graph\":[{\"@type\":\"Article\",\"@id\":\"https:\\\/\\\/www.artal.net\\\/fr\\\/2024\\\/11\\\/artal-smart-agriculture-reversera_10-de-ses-benefices-annuels-aux-personnes-touchees-par-la-goutte-froideid\\\/#article\",\"isPartOf\":{\"@id\":\"https:\\\/\\\/www.artal.net\\\/fr\\\/2024\\\/11\\\/artal-smart-agriculture-reversera_10-de-ses-benefices-annuels-aux-personnes-touchees-par-la-goutte-froideid\\\/\"},\"author\":{\"name\":\"admin\",\"@id\":\"https:\\\/\\\/www.artal.net\\\/fr\\\/#\\\/schema\\\/person\\\/9a937bd2cffdd3a823f06a77f9a62cd2\"},\"headline\":\"Artal Smart Agriculture reversera 10 % de ses b\u00e9n\u00e9fices annuels aux personnes touch\u00e9es par la goutte froide\",\"datePublished\":\"2024-11-05T12:57:20+00:00\",\"dateModified\":\"2025-09-30T10:13:08+00:00\",\"mainEntityOfPage\":{\"@id\":\"https:\\\/\\\/www.artal.net\\\/fr\\\/2024\\\/11\\\/artal-smart-agriculture-reversera_10-de-ses-benefices-annuels-aux-personnes-touchees-par-la-goutte-froideid\\\/\"},\"wordCount\":235,\"publisher\":{\"@id\":\"https:\\\/\\\/www.artal.net\\\/fr\\\/#organization\"},\"image\":{\"@id\":\"https:\\\/\\\/www.artal.net\\\/fr\\\/2024\\\/11\\\/artal-smart-agriculture-reversera_10-de-ses-benefices-annuels-aux-personnes-touchees-par-la-goutte-froideid\\\/#primaryimage\"},\"thumbnailUrl\":\"https:\\\/\\\/www.artal.net\\\/wp-content\\\/uploads\\\/2024\\\/11\\\/DANA-Valencia.jpg\",\"articleSection\":[\"NOUVELLES\"],\"inLanguage\":\"fr-FR\"},{\"@type\":\"WebPage\",\"@id\":\"https:\\\/\\\/www.artal.net\\\/fr\\\/2024\\\/11\\\/artal-smart-agriculture-reversera_10-de-ses-benefices-annuels-aux-personnes-touchees-par-la-goutte-froideid\\\/\",\"url\":\"https:\\\/\\\/www.artal.net\\\/fr\\\/2024\\\/11\\\/artal-smart-agriculture-reversera_10-de-ses-benefices-annuels-aux-personnes-touchees-par-la-goutte-froideid\\\/\",\"name\":\"Artal Smart Agriculture reversera 10 % de ses b\u00e9n\u00e9fices annuels aux personnes touch\u00e9es par la goutte froide - ARTAL Smart Agriculture\",\"isPartOf\":{\"@id\":\"https:\\\/\\\/www.artal.net\\\/fr\\\/#website\"},\"primaryImageOfPage\":{\"@id\":\"https:\\\/\\\/www.artal.net\\\/fr\\\/2024\\\/11\\\/artal-smart-agriculture-reversera_10-de-ses-benefices-annuels-aux-personnes-touchees-par-la-goutte-froideid\\\/#primaryimage\"},\"image\":{\"@id\":\"https:\\\/\\\/www.artal.net\\\/fr\\\/2024\\\/11\\\/artal-smart-agriculture-reversera_10-de-ses-benefices-annuels-aux-personnes-touchees-par-la-goutte-froideid\\\/#primaryimage\"},\"thumbnailUrl\":\"https:\\\/\\\/www.artal.net\\\/wp-content\\\/uploads\\\/2024\\\/11\\\/DANA-Valencia.jpg\",\"datePublished\":\"2024-11-05T12:57:20+00:00\",\"dateModified\":\"2025-09-30T10:13:08+00:00\",\"breadcrumb\":{\"@id\":\"https:\\\/\\\/www.artal.net\\\/fr\\\/2024\\\/11\\\/artal-smart-agriculture-reversera_10-de-ses-benefices-annuels-aux-personnes-touchees-par-la-goutte-froideid\\\/#breadcrumb\"},\"inLanguage\":\"fr-FR\",\"potentialAction\":[{\"@type\":\"ReadAction\",\"target\":[\"https:\\\/\\\/www.artal.net\\\/fr\\\/2024\\\/11\\\/artal-smart-agriculture-reversera_10-de-ses-benefices-annuels-aux-personnes-touchees-par-la-goutte-froideid\\\/\"]}]},{\"@type\":\"ImageObject\",\"inLanguage\":\"fr-FR\",\"@id\":\"https:\\\/\\\/www.artal.net\\\/fr\\\/2024\\\/11\\\/artal-smart-agriculture-reversera_10-de-ses-benefices-annuels-aux-personnes-touchees-par-la-goutte-froideid\\\/#primaryimage\",\"url\":\"https:\\\/\\\/www.artal.net\\\/wp-content\\\/uploads\\\/2024\\\/11\\\/DANA-Valencia.jpg\",\"contentUrl\":\"https:\\\/\\\/www.artal.net\\\/wp-content\\\/uploads\\\/2024\\\/11\\\/DANA-Valencia.jpg\",\"width\":750,\"height\":626},{\"@type\":\"BreadcrumbList\",\"@id\":\"https:\\\/\\\/www.artal.net\\\/fr\\\/2024\\\/11\\\/artal-smart-agriculture-reversera_10-de-ses-benefices-annuels-aux-personnes-touchees-par-la-goutte-froideid\\\/#breadcrumb\",\"itemListElement\":[{\"@type\":\"ListItem\",\"position\":1,\"name\":\"Portada\",\"item\":\"https:\\\/\\\/www.artal.net\\\/fr\\\/\"},{\"@type\":\"ListItem\",\"position\":2,\"name\":\"Artal Smart Agriculture reversera 10 % de ses b\u00e9n\u00e9fices annuels aux personnes touch\u00e9es par la goutte froide\"}]},{\"@type\":\"WebSite\",\"@id\":\"https:\\\/\\\/www.artal.net\\\/fr\\\/#website\",\"url\":\"https:\\\/\\\/www.artal.net\\\/fr\\\/\",\"name\":\"ARTAL Smart Agriculture\",\"description\":\"Empresa y fabricante de fertilizantes l\u00edquidos y org\u00e1nicos para la agricultura\",\"publisher\":{\"@id\":\"https:\\\/\\\/www.artal.net\\\/fr\\\/#organization\"},\"potentialAction\":[{\"@type\":\"SearchAction\",\"target\":{\"@type\":\"EntryPoint\",\"urlTemplate\":\"https:\\\/\\\/www.artal.net\\\/fr\\\/?s={search_term_string}\"},\"query-input\":{\"@type\":\"PropertyValueSpecification\",\"valueRequired\":true,\"valueName\":\"search_term_string\"}}],\"inLanguage\":\"fr-FR\"},{\"@type\":\"Organization\",\"@id\":\"https:\\\/\\\/www.artal.net\\\/fr\\\/#organization\",\"name\":\"ARTAL Smart Agriculture\",\"url\":\"https:\\\/\\\/www.artal.net\\\/fr\\\/\",\"logo\":{\"@type\":\"ImageObject\",\"inLanguage\":\"fr-FR\",\"@id\":\"https:\\\/\\\/www.artal.net\\\/fr\\\/#\\\/schema\\\/logo\\\/image\\\/\",\"url\":\"https:\\\/\\\/www.artal.net\\\/wp-content\\\/uploads\\\/2025\\\/09\\\/artal-logo.png\",\"contentUrl\":\"https:\\\/\\\/www.artal.net\\\/wp-content\\\/uploads\\\/2025\\\/09\\\/artal-logo.png\",\"width\":1062,\"height\":525,\"caption\":\"ARTAL Smart Agriculture\"},\"image\":{\"@id\":\"https:\\\/\\\/www.artal.net\\\/fr\\\/#\\\/schema\\\/logo\\\/image\\\/\"},\"sameAs\":[\"https:\\\/\\\/www.facebook.com\\\/ArtalSmartAgriculture\\\/\",\"https:\\\/\\\/www.youtube.com\\\/channel\\\/UCd_FVIbacOAp2mI_0Q-J4UA\"]},{\"@type\":\"Person\",\"@id\":\"https:\\\/\\\/www.artal.net\\\/fr\\\/#\\\/schema\\\/person\\\/9a937bd2cffdd3a823f06a77f9a62cd2\",\"name\":\"admin\",\"image\":{\"@type\":\"ImageObject\",\"inLanguage\":\"fr-FR\",\"@id\":\"https:\\\/\\\/secure.gravatar.com\\\/avatar\\\/b01dda6d7de4e01bc25f53572e6fe2cf934f1315139c2647b8ca1022bb9e3e0b?s=96&d=mm&r=g\",\"url\":\"https:\\\/\\\/secure.gravatar.com\\\/avatar\\\/b01dda6d7de4e01bc25f53572e6fe2cf934f1315139c2647b8ca1022bb9e3e0b?s=96&d=mm&r=g\",\"contentUrl\":\"https:\\\/\\\/secure.gravatar.com\\\/avatar\\\/b01dda6d7de4e01bc25f53572e6fe2cf934f1315139c2647b8ca1022bb9e3e0b?s=96&d=mm&r=g\",\"caption\":\"admin\"},\"sameAs\":[\"https:\\\/\\\/www.artal.net\"]}]}<\/script>\n<!-- \/ Yoast SEO plugin. -->","yoast_head_json":{"title":"Artal Smart Agriculture reversera 10 % de ses b\u00e9n\u00e9fices annuels aux personnes touch\u00e9es par la goutte froide - ARTAL Smart Agriculture","robots":{"index":"index","follow":"follow","max-snippet":"max-snippet:-1","max-image-preview":"max-image-preview:large","max-video-preview":"max-video-preview:-1"},"canonical":"https:\/\/www.artal.net\/fr\/2024\/11\/artal-smart-agriculture-reversera_10-de-ses-benefices-annuels-aux-personnes-touchees-par-la-goutte-froideid\/","og_locale":"fr_FR","og_type":"article","og_title":"Artal Smart Agriculture reversera 10 % de ses b\u00e9n\u00e9fices annuels aux personnes touch\u00e9es par la goutte froide - ARTAL Smart Agriculture","og_description":"Artal Smart Agriculture a pris la d\u00e9cision de reverser 10 % des b\u00e9n\u00e9fices de 2024 aux personnes touch\u00e9es par la goutte froide froid qui a d\u00e9vast\u00e9 certaines villes de la province de Valence. L&rsquo;entreprise de biotechnologie, situ\u00e9e \u00e0 Paterna, n&rsquo;a subi aucun dommage personnel ou mat\u00e9riel, \u00e9tant donn\u00e9 que la forte temp\u00eate a principalement touch\u00e9 [&hellip;]","og_url":"https:\/\/www.artal.net\/fr\/2024\/11\/artal-smart-agriculture-reversera_10-de-ses-benefices-annuels-aux-personnes-touchees-par-la-goutte-froideid\/","og_site_name":"ARTAL Smart Agriculture","article_publisher":"https:\/\/www.facebook.com\/ArtalSmartAgriculture\/","article_published_time":"2024-11-05T12:57:20+00:00","article_modified_time":"2025-09-30T10:13:08+00:00","og_image":[{"width":750,"height":626,"url":"https:\/\/www.artal.net\/wp-content\/uploads\/2024\/11\/DANA-Valencia.jpg","type":"image\/jpeg"}],"author":"admin","twitter_card":"summary_large_image","twitter_misc":{"\u00c9crit par":"admin","Dur\u00e9e de lecture estim\u00e9e":"1 minute"},"schema":{"@context":"https:\/\/schema.org","@graph":[{"@type":"Article","@id":"https:\/\/www.artal.net\/fr\/2024\/11\/artal-smart-agriculture-reversera_10-de-ses-benefices-annuels-aux-personnes-touchees-par-la-goutte-froideid\/#article","isPartOf":{"@id":"https:\/\/www.artal.net\/fr\/2024\/11\/artal-smart-agriculture-reversera_10-de-ses-benefices-annuels-aux-personnes-touchees-par-la-goutte-froideid\/"},"author":{"name":"admin","@id":"https:\/\/www.artal.net\/fr\/#\/schema\/person\/9a937bd2cffdd3a823f06a77f9a62cd2"},"headline":"Artal Smart Agriculture reversera 10 % de ses b\u00e9n\u00e9fices annuels aux personnes touch\u00e9es par la goutte froide","datePublished":"2024-11-05T12:57:20+00:00","dateModified":"2025-09-30T10:13:08+00:00","mainEntityOfPage":{"@id":"https:\/\/www.artal.net\/fr\/2024\/11\/artal-smart-agriculture-reversera_10-de-ses-benefices-annuels-aux-personnes-touchees-par-la-goutte-froideid\/"},"wordCount":235,"publisher":{"@id":"https:\/\/www.artal.net\/fr\/#organization"},"image":{"@id":"https:\/\/www.artal.net\/fr\/2024\/11\/artal-smart-agriculture-reversera_10-de-ses-benefices-annuels-aux-personnes-touchees-par-la-goutte-froideid\/#primaryimage"},"thumbnailUrl":"https:\/\/www.artal.net\/wp-content\/uploads\/2024\/11\/DANA-Valencia.jpg","articleSection":["NOUVELLES"],"inLanguage":"fr-FR"},{"@type":"WebPage","@id":"https:\/\/www.artal.net\/fr\/2024\/11\/artal-smart-agriculture-reversera_10-de-ses-benefices-annuels-aux-personnes-touchees-par-la-goutte-froideid\/","url":"https:\/\/www.artal.net\/fr\/2024\/11\/artal-smart-agriculture-reversera_10-de-ses-benefices-annuels-aux-personnes-touchees-par-la-goutte-froideid\/","name":"Artal Smart Agriculture reversera 10 % de ses b\u00e9n\u00e9fices annuels aux personnes touch\u00e9es par la goutte froide - ARTAL Smart Agriculture","isPartOf":{"@id":"https:\/\/www.artal.net\/fr\/#website"},"primaryImageOfPage":{"@id":"https:\/\/www.artal.net\/fr\/2024\/11\/artal-smart-agriculture-reversera_10-de-ses-benefices-annuels-aux-personnes-touchees-par-la-goutte-froideid\/#primaryimage"},"image":{"@id":"https:\/\/www.artal.net\/fr\/2024\/11\/artal-smart-agriculture-reversera_10-de-ses-benefices-annuels-aux-personnes-touchees-par-la-goutte-froideid\/#primaryimage"},"thumbnailUrl":"https:\/\/www.artal.net\/wp-content\/uploads\/2024\/11\/DANA-Valencia.jpg","datePublished":"2024-11-05T12:57:20+00:00","dateModified":"2025-09-30T10:13:08+00:00","breadcrumb":{"@id":"https:\/\/www.artal.net\/fr\/2024\/11\/artal-smart-agriculture-reversera_10-de-ses-benefices-annuels-aux-personnes-touchees-par-la-goutte-froideid\/#breadcrumb"},"inLanguage":"fr-FR","potentialAction":[{"@type":"ReadAction","target":["https:\/\/www.artal.net\/fr\/2024\/11\/artal-smart-agriculture-reversera_10-de-ses-benefices-annuels-aux-personnes-touchees-par-la-goutte-froideid\/"]}]},{"@type":"ImageObject","inLanguage":"fr-FR","@id":"https:\/\/www.artal.net\/fr\/2024\/11\/artal-smart-agriculture-reversera_10-de-ses-benefices-annuels-aux-personnes-touchees-par-la-goutte-froideid\/#primaryimage","url":"https:\/\/www.artal.net\/wp-content\/uploads\/2024\/11\/DANA-Valencia.jpg","contentUrl":"https:\/\/www.artal.net\/wp-content\/uploads\/2024\/11\/DANA-Valencia.jpg","width":750,"height":626},{"@type":"BreadcrumbList","@id":"https:\/\/www.artal.net\/fr\/2024\/11\/artal-smart-agriculture-reversera_10-de-ses-benefices-annuels-aux-personnes-touchees-par-la-goutte-froideid\/#breadcrumb","itemListElement":[{"@type":"ListItem","position":1,"name":"Portada","item":"https:\/\/www.artal.net\/fr\/"},{"@type":"ListItem","position":2,"name":"Artal Smart Agriculture reversera 10 % de ses b\u00e9n\u00e9fices annuels aux personnes touch\u00e9es par la goutte froide"}]},{"@type":"WebSite","@id":"https:\/\/www.artal.net\/fr\/#website","url":"https:\/\/www.artal.net\/fr\/","name":"ARTAL Smart Agriculture","description":"Empresa y fabricante de fertilizantes l\u00edquidos y org\u00e1nicos para la agricultura","publisher":{"@id":"https:\/\/www.artal.net\/fr\/#organization"},"potentialAction":[{"@type":"SearchAction","target":{"@type":"EntryPoint","urlTemplate":"https:\/\/www.artal.net\/fr\/?s={search_term_string}"},"query-input":{"@type":"PropertyValueSpecification","valueRequired":true,"valueName":"search_term_string"}}],"inLanguage":"fr-FR"},{"@type":"Organization","@id":"https:\/\/www.artal.net\/fr\/#organization","name":"ARTAL Smart Agriculture","url":"https:\/\/www.artal.net\/fr\/","logo":{"@type":"ImageObject","inLanguage":"fr-FR","@id":"https:\/\/www.artal.net\/fr\/#\/schema\/logo\/image\/","url":"https:\/\/www.artal.net\/wp-content\/uploads\/2025\/09\/artal-logo.png","contentUrl":"https:\/\/www.artal.net\/wp-content\/uploads\/2025\/09\/artal-logo.png","width":1062,"height":525,"caption":"ARTAL Smart Agriculture"},"image":{"@id":"https:\/\/www.artal.net\/fr\/#\/schema\/logo\/image\/"},"sameAs":["https:\/\/www.facebook.com\/ArtalSmartAgriculture\/","https:\/\/www.youtube.com\/channel\/UCd_FVIbacOAp2mI_0Q-J4UA"]},{"@type":"Person","@id":"https:\/\/www.artal.net\/fr\/#\/schema\/person\/9a937bd2cffdd3a823f06a77f9a62cd2","name":"admin","image":{"@type":"ImageObject","inLanguage":"fr-FR","@id":"https:\/\/secure.gravatar.com\/avatar\/b01dda6d7de4e01bc25f53572e6fe2cf934f1315139c2647b8ca1022bb9e3e0b?s=96&d=mm&r=g","url":"https:\/\/secure.gravatar.com\/avatar\/b01dda6d7de4e01bc25f53572e6fe2cf934f1315139c2647b8ca1022bb9e3e0b?s=96&d=mm&r=g","contentUrl":"https:\/\/secure.gravatar.com\/avatar\/b01dda6d7de4e01bc25f53572e6fe2cf934f1315139c2647b8ca1022bb9e3e0b?s=96&d=mm&r=g","caption":"admin"},"sameAs":["https:\/\/www.artal.net"]}]}},"_links":{"self":[{"href":"https:\/\/www.artal.net\/fr\/wp-json\/wp\/v2\/posts\/28041","targetHints":{"allow":["GET"]}}],"collection":[{"href":"https:\/\/www.artal.net\/fr\/wp-json\/wp\/v2\/posts"}],"about":[{"href":"https:\/\/www.artal.net\/fr\/wp-json\/wp\/v2\/types\/post"}],"author":[{"embeddable":true,"href":"https:\/\/www.artal.net\/fr\/wp-json\/wp\/v2\/users\/1"}],"replies":[{"embeddable":true,"href":"https:\/\/www.artal.net\/fr\/wp-json\/wp\/v2\/comments?post=28041"}],"version-history":[{"count":1,"href":"https:\/\/www.artal.net\/fr\/wp-json\/wp\/v2\/posts\/28041\/revisions"}],"predecessor-version":[{"id":30316,"href":"https:\/\/www.artal.net\/fr\/wp-json\/wp\/v2\/posts\/28041\/revisions\/30316"}],"wp:featuredmedia":[{"embeddable":true,"href":"https:\/\/www.artal.net\/fr\/wp-json\/wp\/v2\/media\/28032"}],"wp:attachment":[{"href":"https:\/\/www.artal.net\/fr\/wp-json\/wp\/v2\/media?parent=28041"}],"wp:term":[{"taxonomy":"category","embeddable":true,"href":"https:\/\/www.artal.net\/fr\/wp-json\/wp\/v2\/categories?post=28041"},{"taxonomy":"post_tag","embeddable":true,"href":"https:\/\/www.artal.net\/fr\/wp-json\/wp\/v2\/tags?post=28041"},{"taxonomy":"categoria-productos-artal","embeddable":true,"href":"https:\/\/www.artal.net\/fr\/wp-json\/wp\/v2\/categoria-productos-artal?post=28041"}],"curies":[{"name":"wp","href":"https:\/\/api.w.org\/{rel}","templated":true}]}}