{"id":28472,"date":"2025-06-18T11:30:53","date_gmt":"2025-06-18T11:30:53","guid":{"rendered":"https:\/\/www.artal.net\/?p=28472"},"modified":"2025-10-03T15:03:58","modified_gmt":"2025-10-03T15:03:58","slug":"como-reducir-el-uso-de-agroquimicos-sin-renunciar-a-la-eficacia","status":"publish","type":"post","link":"https:\/\/www.artal.net\/es\/2025\/06\/como-reducir-el-uso-de-agroquimicos-sin-renunciar-a-la-eficacia\/","title":{"rendered":"C\u00f3mo reducir el uso de agroqu\u00edmicos sin renunciar a la eficacia"},"content":{"rendered":"<p>En un contexto agr\u00edcola cada vez m\u00e1s exigente, tanto a nivel productivo como regulatorio, <strong>reducir el uso de agroqu\u00edmicos<\/strong> no es solo una tendencia, sino una necesidad.<\/p>\n<p>No se trata de renunciar a la eficacia, sino de <strong>apostar por soluciones que, sin generar residuos, garanticen una producci\u00f3n agr\u00edcola segura, eficiente y sostenible<\/strong>.<\/p>\n<p>Desde Artal, llevamos a\u00f1os desarrollando soluciones tecnol\u00f3gicas bajo el sello <strong>residuo 0.0<\/strong>, sin plazo de seguridad y con una alta eficacia en campo.<\/p>\n<p>Hoy <strong>queremos que conozcas los motivos por los cuales avanzar hacia el uso de productos sin residuos es clave para el presente y futuro del sector agr\u00edcola<\/strong>, y c\u00f3mo nuestras soluciones est\u00e1n pensadas para acompa\u00f1ar a los agricultores en este camino.<\/p>\n<p><img fetchpriority=\"high\" decoding=\"async\" class=\"aligncenter size-full wp-image-28495\" src=\"https:\/\/www.artal.net\/wp-content\/uploads\/2025\/06\/reducir-el-uso-de-agroquimicos.jpg\" alt=\"reducir el uso de agroqu\u00edmicos\" width=\"567\" height=\"319\" srcset=\"https:\/\/www.artal.net\/wp-content\/uploads\/2025\/06\/reducir-el-uso-de-agroquimicos.jpg 567w, https:\/\/www.artal.net\/wp-content\/uploads\/2025\/06\/reducir-el-uso-de-agroquimicos-300x169.jpg 300w\" sizes=\"(max-width: 567px) 100vw, 567px\" \/><\/p>\n<h2>Por qu\u00e9 reducir el uso de agroqu\u00edmicos<\/h2>\n<p>El <strong>uso intensivo de agroqu\u00edmicos tradicionales<\/strong> ha demostrado ser eficaz en el control de plagas y en el rendimiento, pero tambi\u00e9n ha generado preocupaci\u00f3n por su impacto ambiental, la aparici\u00f3n de resistencias y los residuos en los productos finales.<\/p>\n<p>Hoy, los consumidores, la normativa europea y los propios agricultores exigen una transformaci\u00f3n hacia modelos de producci\u00f3n m\u00e1s limpios.<\/p>\n<p>La soluci\u00f3n no es dejar de tratar los cultivos, sino hacerlo de forma <strong>m\u00e1s inteligente y responsable<\/strong>: con productos que no dejen residuos, que respeten el entorno y que mantengan el rendimiento agron\u00f3mico.<\/p>\n<h2>Residuo 0.0: la nueva frontera de la agricultura eficiente<\/h2>\n<p><img decoding=\"async\" class=\"aligncenter wp-image-28492\" src=\"https:\/\/www.artal.net\/wp-content\/uploads\/2025\/06\/residuo-0-0.jpg\" alt=\"Residuos 0 0 \" width=\"650\" height=\"401\" srcset=\"https:\/\/www.artal.net\/wp-content\/uploads\/2025\/06\/residuo-0-0.jpg 567w, https:\/\/www.artal.net\/wp-content\/uploads\/2025\/06\/residuo-0-0-300x185.jpg 300w\" sizes=\"(max-width: 650px) 100vw, 650px\" \/><\/p>\n<p>En Artal trabajamos con una premisa clara: ofrecer soluciones <strong>eficaces, seguras y sin residuos<\/strong>.<\/p>\n<p>Toda nuestra gama cumple con el concepto <strong>residuo 0.0<\/strong>, lo que significa que:<\/p>\n<ul>\n<li>No dejan residuos en el cultivo ni en el suelo.<\/li>\n<li>No tienen plazo de seguridad: pueden aplicarse incluso en fases cercanas a la cosecha.<\/li>\n<li>Cumplen con los est\u00e1ndares m\u00e1s exigentes del mercado y la normativa europea.<\/li>\n<\/ul>\n<p>Adem\u00e1s, algunos de nuestros productos est\u00e1n certificados para su uso en <strong>agricultura ecol\u00f3gica<\/strong>, como los de la gama <strong>Primtal<\/strong>, dise\u00f1ada espec\u00edficamente como alternativa natural a los fitosanitarios.<\/p>\n<h2>Gama PRIMTAL: protecci\u00f3n vegetal sin residuos (y ecol\u00f3gica)<\/h2>\n<p>La <strong><u>l\u00ednea PRIMTAL<\/u><\/strong> representa la propuesta m\u00e1s innovadora de Artal como alternativa a los fitosanitarios convencionales.<\/p>\n<p><img decoding=\"async\" class=\"aligncenter size-full wp-image-28489\" src=\"https:\/\/www.artal.net\/wp-content\/uploads\/2025\/06\/proteccion-vegetal-sin-residuos.jpg\" alt=\"Protecci\u00f3n vegetal sin residuos \" width=\"567\" height=\"337\" srcset=\"https:\/\/www.artal.net\/wp-content\/uploads\/2025\/06\/proteccion-vegetal-sin-residuos.jpg 567w, https:\/\/www.artal.net\/wp-content\/uploads\/2025\/06\/proteccion-vegetal-sin-residuos-300x178.jpg 300w\" sizes=\"(max-width: 567px) 100vw, 567px\" \/><\/p>\n<p>Se trata de productos de defensa vegetal <strong>ecol\u00f3gicos<\/strong>, basados en <strong>elicitores<\/strong> que <strong>activan los mecanismos naturales de defensa de la planta<\/strong>, sin generar residuos ni impacto negativo en el ecosistema.<\/p>\n<p>Con PRIMTAL, el agricultor puede reducir o incluso sustituir el uso de productos fitosanitarios tradicionales, sin comprometer la sanidad vegetal y respetando tanto al consumidor como al medio ambiente.<\/p>\n<h3>Primtal WF<\/h3>\n<p><img loading=\"lazy\" decoding=\"async\" class=\"aligncenter size-full wp-image-28486\" src=\"https:\/\/www.artal.net\/wp-content\/uploads\/2025\/06\/primtal-wf.jpg\" alt=\"Primtal WF\" width=\"224\" height=\"333\" srcset=\"https:\/\/www.artal.net\/wp-content\/uploads\/2025\/06\/primtal-wf.jpg 224w, https:\/\/www.artal.net\/wp-content\/uploads\/2025\/06\/primtal-wf-202x300.jpg 202w\" sizes=\"(max-width: 224px) 100vw, 224px\" \/><\/p>\n<p><a href=\"https:\/\/www.artal.net\/es\/sistema-inmunologico-priming\/primtal-wf\/\"><strong>PRIMTAL WF<\/strong><\/a> es un bioactivador del sistema inmunol\u00f3gico vegetal, dise\u00f1ado para actuar desde el sistema radicular.<\/p>\n<p>Su formulaci\u00f3n estimula las defensas naturales de la planta frente a agentes bi\u00f3ticos, permitiendo <strong>reducir la necesidad de aplicar fitosanitarios convencionales<\/strong>.<\/p>\n<p>Al fortalecer la planta desde su base, se incrementa la resistencia frente a condiciones de estr\u00e9s y enfermedades del suelo.<\/p>\n<p><strong>Beneficios clave:<\/strong><\/p>\n<ul>\n<li>Alternativa ecol\u00f3gica al uso preventivo de fungicidas y otros agroqu\u00edmicos del suelo.<\/li>\n<li>Mejora la respuesta inmunol\u00f3gica basal sin efectos secundarios ni residuos.<\/li>\n<li>Residuo 0.0 y certificado para agricultura ecol\u00f3gica.<\/li>\n<li>Ideal en fases de trasplante o arranque de campa\u00f1a para proteger desde el principio.<\/li>\n<\/ul>\n<h3>Primtal FG<\/h3>\n<p><img loading=\"lazy\" decoding=\"async\" class=\"aligncenter size-full wp-image-28480\" src=\"https:\/\/www.artal.net\/wp-content\/uploads\/2025\/06\/primtal-fg.jpg\" alt=\"Primtal FG\" width=\"213\" height=\"317\" srcset=\"https:\/\/www.artal.net\/wp-content\/uploads\/2025\/06\/primtal-fg.jpg 213w, https:\/\/www.artal.net\/wp-content\/uploads\/2025\/06\/primtal-fg-202x300.jpg 202w\" sizes=\"(max-width: 213px) 100vw, 213px\" \/><\/p>\n<p>Producto que act\u00faa directamente sobre la parte a\u00e9rea del cultivo, ayudando a la planta a generar respuestas inmunes eficaces ante amenazas externas (hongos, bacterias, condiciones clim\u00e1ticas adversas).<\/p>\n<p><a href=\"https:\/\/www.artal.net\/es\/sistema-inmunologico-priming\/primtal-fg\/\"><strong>Primtal FG<\/strong><\/a> es un producto <strong>no t\u00f3xico, libre de residuos<\/strong>, que permite realizar aplicaciones incluso en fases avanzadas del ciclo sin riesgo para la cosecha.<\/p>\n<p><strong>Beneficios clave:<\/strong><\/p>\n<ul>\n<li>Sustituto ideal de tratamientos convencionales en fase foliar.<\/li>\n<li>Compatible con programas de manejo integrado de plagas (MIP).<\/li>\n<li>Aumenta la resiliencia del cultivo y reduce la presi\u00f3n qu\u00edmica.<\/li>\n<li>Uso flexible en diversos cultivos gracias a su naturaleza ecol\u00f3gica.<\/li>\n<\/ul>\n<h3>Primtal RS<\/h3>\n<p><img loading=\"lazy\" decoding=\"async\" class=\"aligncenter wp-image-28477\" src=\"https:\/\/www.artal.net\/wp-content\/uploads\/2025\/06\/primtal-rs.jpg\" alt=\"Primtal RS\" width=\"270\" height=\"294\" srcset=\"https:\/\/www.artal.net\/wp-content\/uploads\/2025\/06\/primtal-rs.jpg 293w, https:\/\/www.artal.net\/wp-content\/uploads\/2025\/06\/primtal-rs-276x300.jpg 276w\" sizes=\"(max-width: 270px) 100vw, 270px\" \/><\/p>\n<p><a href=\"https:\/\/www.artal.net\/es\/sistema-inmunologico-priming\/sistema-inmunologico-priming-primtal-rs\/\"><strong>PRIMTAL RS<\/strong><\/a> est\u00e1 enfocado en <strong>activar defensas localizadas<\/strong> frente a focos de infecci\u00f3n o zonas espec\u00edficas del cultivo con mayor exposici\u00f3n a riesgos.<\/p>\n<p>Su tecnolog\u00eda de <a href=\"https:\/\/www.artal.net\/es\/inmunoterapia-vegetal\/\"><strong>efecto PRIMING<\/strong><\/a> permite que la planta \u201crecuerde\u201d amenazas anteriores, generando respuestas m\u00e1s r\u00e1pidas y eficaces.<\/p>\n<p><strong>Beneficios clave:<\/strong><\/p>\n<ul>\n<li>Reducci\u00f3n efectiva del uso de productos fitosanitarios en \u00e1reas sensibles.<\/li>\n<li>Refuerzo localizado del sistema inmune vegetal.<\/li>\n<li>Ideal como estrategia de prevenci\u00f3n y contenci\u00f3n.<\/li>\n<li>Cero residuos, sin plazo de seguridad y compatible con agricultura ecol\u00f3gica.<\/li>\n<\/ul>\n<p><img loading=\"lazy\" decoding=\"async\" class=\"aligncenter wp-image-28483\" src=\"https:\/\/www.artal.net\/wp-content\/uploads\/2025\/06\/agricultura-sin-residuos.jpg\" alt=\"Agricultura sin residuos\" width=\"650\" height=\"431\" srcset=\"https:\/\/www.artal.net\/wp-content\/uploads\/2025\/06\/agricultura-sin-residuos.jpg 567w, https:\/\/www.artal.net\/wp-content\/uploads\/2025\/06\/agricultura-sin-residuos-300x199.jpg 300w\" sizes=\"(max-width: 650px) 100vw, 650px\" \/><\/p>\n<h2>Agricultura sin residuos: una ventaja competitiva<\/h2>\n<p>Reducir el uso de agroqu\u00edmicos a trav\u00e9s de productos sin residuos no es solo una medida responsable. Tambi\u00e9n es una <strong>ventaja competitiva<\/strong> como enumeramos a continuaci\u00f3n:<\/p>\n<ul>\n<li>Mejora la imagen de marca del agricultor frente a distribuidores y consumidores.<\/li>\n<li>Anticipa futuras restricciones regulatorias.<\/li>\n<li>Reduce el riesgo de rechazos en exportaciones.<\/li>\n<li>Aumenta la seguridad en campo y en postcosecha.<\/li>\n<\/ul>\n<p>&nbsp;<\/p>\n<p>Como puedes ver, en Artal creemos que la innovaci\u00f3n agr\u00edcola pasa por la sostenibilidad, pero sin sacrificar la productividad.<\/p>\n<p>Por eso, nuestro enfoque se basa en ofrecer productos <strong>sin residuos, sin plazo de seguridad y altamente eficaces<\/strong>.<\/p>\n<p>\u00bfQuieres saber m\u00e1s? Ponte en contacto con nuestro equipo t\u00e9cnico y descubre c\u00f3mo dar el siguiente paso hacia una agricultura sin residuos.<\/p>\n","protected":false},"excerpt":{"rendered":"<p>En un contexto agr\u00edcola cada vez m\u00e1s exigente, tanto a nivel productivo como regulatorio, reducir el uso de agroqu\u00edmicos no es solo una tendencia, sino una necesidad. No se trata de renunciar a la eficacia, sino de apostar por soluciones que, sin generar residuos, garanticen una producci\u00f3n agr\u00edcola segura, eficiente y sostenible. Desde Artal, llevamos [&hellip;]<\/p>\n","protected":false},"author":2,"featured_media":28474,"comment_status":"closed","ping_status":"open","sticky":false,"template":"","format":"standard","meta":{"_acf_changed":false,"footnotes":""},"categories":[13],"tags":[],"categoria-productos-artal":[],"class_list":["post-28472","post","type-post","status-publish","format-standard","has-post-thumbnail","hentry","category-blog"],"acf":[],"yoast_head":"<!-- This site is optimized with the Yoast SEO plugin v27.4 - https:\/\/yoast.com\/product\/yoast-seo-wordpress\/ -->\n<title>C\u00f3mo reducir el uso de agroqu\u00edmicos sin renunciar a la eficacia - ARTAL Smart Agriculture<\/title>\n<meta name=\"description\" content=\"Reducir agroqu\u00edmicos es posible sin perder eficacia. Apuesta por soluciones agr\u00edcolas sin residuos y mejora la sostenibilidad de cultivos.\" \/>\n<meta name=\"robots\" content=\"index, follow, max-snippet:-1, max-image-preview:large, max-video-preview:-1\" \/>\n<link rel=\"canonical\" href=\"https:\/\/www.artal.net\/es\/2025\/06\/como-reducir-el-uso-de-agroquimicos-sin-renunciar-a-la-eficacia\/\" \/>\n<meta property=\"og:locale\" content=\"es_ES\" \/>\n<meta property=\"og:type\" content=\"article\" \/>\n<meta property=\"og:title\" content=\"C\u00f3mo reducir el uso de agroqu\u00edmicos sin renunciar a la eficacia - ARTAL Smart Agriculture\" \/>\n<meta property=\"og:description\" content=\"Reducir agroqu\u00edmicos es posible sin perder eficacia. Apuesta por soluciones agr\u00edcolas sin residuos y mejora la sostenibilidad de cultivos.\" \/>\n<meta property=\"og:url\" content=\"https:\/\/www.artal.net\/es\/2025\/06\/como-reducir-el-uso-de-agroquimicos-sin-renunciar-a-la-eficacia\/\" \/>\n<meta property=\"og:site_name\" content=\"ARTAL Smart Agriculture\" \/>\n<meta property=\"article:publisher\" content=\"https:\/\/www.facebook.com\/ArtalSmartAgriculture\/\" \/>\n<meta property=\"article:published_time\" content=\"2025-06-18T11:30:53+00:00\" \/>\n<meta property=\"article:modified_time\" content=\"2025-10-03T15:03:58+00:00\" \/>\n<meta property=\"og:image\" content=\"https:\/\/www.artal.net\/wp-content\/uploads\/2025\/06\/reducir-el-uso-de-agroquimicos-sin-renunciar-a-la-eficacia.jpg\" \/>\n\t<meta property=\"og:image:width\" content=\"567\" \/>\n\t<meta property=\"og:image:height\" content=\"312\" \/>\n\t<meta property=\"og:image:type\" content=\"image\/jpeg\" \/>\n<meta name=\"author\" content=\"Espinosa\" \/>\n<meta name=\"twitter:card\" content=\"summary_large_image\" \/>\n<meta name=\"twitter:label1\" content=\"Escrito por\" \/>\n\t<meta name=\"twitter:data1\" content=\"Espinosa\" \/>\n\t<meta name=\"twitter:label2\" content=\"Tiempo de lectura\" \/>\n\t<meta name=\"twitter:data2\" content=\"6 minutos\" \/>\n<script type=\"application\/ld+json\" class=\"yoast-schema-graph\">{\"@context\":\"https:\\\/\\\/schema.org\",\"@graph\":[{\"@type\":\"Article\",\"@id\":\"https:\\\/\\\/www.artal.net\\\/es\\\/2025\\\/06\\\/como-reducir-el-uso-de-agroquimicos-sin-renunciar-a-la-eficacia\\\/#article\",\"isPartOf\":{\"@id\":\"https:\\\/\\\/www.artal.net\\\/es\\\/2025\\\/06\\\/como-reducir-el-uso-de-agroquimicos-sin-renunciar-a-la-eficacia\\\/\"},\"author\":{\"name\":\"Espinosa\",\"@id\":\"https:\\\/\\\/www.artal.net\\\/es\\\/#\\\/schema\\\/person\\\/ab7266f0f816f4ea9d2d84e334f828d9\"},\"headline\":\"C\u00f3mo reducir el uso de agroqu\u00edmicos sin renunciar a la eficacia\",\"datePublished\":\"2025-06-18T11:30:53+00:00\",\"dateModified\":\"2025-10-03T15:03:58+00:00\",\"mainEntityOfPage\":{\"@id\":\"https:\\\/\\\/www.artal.net\\\/es\\\/2025\\\/06\\\/como-reducir-el-uso-de-agroquimicos-sin-renunciar-a-la-eficacia\\\/\"},\"wordCount\":874,\"publisher\":{\"@id\":\"https:\\\/\\\/www.artal.net\\\/es\\\/#organization\"},\"image\":{\"@id\":\"https:\\\/\\\/www.artal.net\\\/es\\\/2025\\\/06\\\/como-reducir-el-uso-de-agroquimicos-sin-renunciar-a-la-eficacia\\\/#primaryimage\"},\"thumbnailUrl\":\"https:\\\/\\\/www.artal.net\\\/wp-content\\\/uploads\\\/2025\\\/06\\\/reducir-el-uso-de-agroquimicos-sin-renunciar-a-la-eficacia.jpg\",\"articleSection\":[\"BLOG\"],\"inLanguage\":\"es\"},{\"@type\":\"WebPage\",\"@id\":\"https:\\\/\\\/www.artal.net\\\/es\\\/2025\\\/06\\\/como-reducir-el-uso-de-agroquimicos-sin-renunciar-a-la-eficacia\\\/\",\"url\":\"https:\\\/\\\/www.artal.net\\\/es\\\/2025\\\/06\\\/como-reducir-el-uso-de-agroquimicos-sin-renunciar-a-la-eficacia\\\/\",\"name\":\"C\u00f3mo reducir el uso de agroqu\u00edmicos sin renunciar a la eficacia - ARTAL Smart Agriculture\",\"isPartOf\":{\"@id\":\"https:\\\/\\\/www.artal.net\\\/es\\\/#website\"},\"primaryImageOfPage\":{\"@id\":\"https:\\\/\\\/www.artal.net\\\/es\\\/2025\\\/06\\\/como-reducir-el-uso-de-agroquimicos-sin-renunciar-a-la-eficacia\\\/#primaryimage\"},\"image\":{\"@id\":\"https:\\\/\\\/www.artal.net\\\/es\\\/2025\\\/06\\\/como-reducir-el-uso-de-agroquimicos-sin-renunciar-a-la-eficacia\\\/#primaryimage\"},\"thumbnailUrl\":\"https:\\\/\\\/www.artal.net\\\/wp-content\\\/uploads\\\/2025\\\/06\\\/reducir-el-uso-de-agroquimicos-sin-renunciar-a-la-eficacia.jpg\",\"datePublished\":\"2025-06-18T11:30:53+00:00\",\"dateModified\":\"2025-10-03T15:03:58+00:00\",\"description\":\"Reducir agroqu\u00edmicos es posible sin perder eficacia. Apuesta por soluciones agr\u00edcolas sin residuos y mejora la sostenibilidad de cultivos.\",\"breadcrumb\":{\"@id\":\"https:\\\/\\\/www.artal.net\\\/es\\\/2025\\\/06\\\/como-reducir-el-uso-de-agroquimicos-sin-renunciar-a-la-eficacia\\\/#breadcrumb\"},\"inLanguage\":\"es\",\"potentialAction\":[{\"@type\":\"ReadAction\",\"target\":[\"https:\\\/\\\/www.artal.net\\\/es\\\/2025\\\/06\\\/como-reducir-el-uso-de-agroquimicos-sin-renunciar-a-la-eficacia\\\/\"]}]},{\"@type\":\"ImageObject\",\"inLanguage\":\"es\",\"@id\":\"https:\\\/\\\/www.artal.net\\\/es\\\/2025\\\/06\\\/como-reducir-el-uso-de-agroquimicos-sin-renunciar-a-la-eficacia\\\/#primaryimage\",\"url\":\"https:\\\/\\\/www.artal.net\\\/wp-content\\\/uploads\\\/2025\\\/06\\\/reducir-el-uso-de-agroquimicos-sin-renunciar-a-la-eficacia.jpg\",\"contentUrl\":\"https:\\\/\\\/www.artal.net\\\/wp-content\\\/uploads\\\/2025\\\/06\\\/reducir-el-uso-de-agroquimicos-sin-renunciar-a-la-eficacia.jpg\",\"width\":567,\"height\":312,\"caption\":\"C\u00f3mo reducir el uso de agroqu\u00edmicos sin renunciar a la eficacia\"},{\"@type\":\"BreadcrumbList\",\"@id\":\"https:\\\/\\\/www.artal.net\\\/es\\\/2025\\\/06\\\/como-reducir-el-uso-de-agroquimicos-sin-renunciar-a-la-eficacia\\\/#breadcrumb\",\"itemListElement\":[{\"@type\":\"ListItem\",\"position\":1,\"name\":\"Portada\",\"item\":\"https:\\\/\\\/www.artal.net\\\/es\\\/\"},{\"@type\":\"ListItem\",\"position\":2,\"name\":\"C\u00f3mo reducir el uso de agroqu\u00edmicos sin renunciar a la eficacia\"}]},{\"@type\":\"WebSite\",\"@id\":\"https:\\\/\\\/www.artal.net\\\/es\\\/#website\",\"url\":\"https:\\\/\\\/www.artal.net\\\/es\\\/\",\"name\":\"ARTAL Smart Agriculture\",\"description\":\"Empresa y fabricante de fertilizantes l\u00edquidos y org\u00e1nicos para la agricultura\",\"publisher\":{\"@id\":\"https:\\\/\\\/www.artal.net\\\/es\\\/#organization\"},\"potentialAction\":[{\"@type\":\"SearchAction\",\"target\":{\"@type\":\"EntryPoint\",\"urlTemplate\":\"https:\\\/\\\/www.artal.net\\\/es\\\/?s={search_term_string}\"},\"query-input\":{\"@type\":\"PropertyValueSpecification\",\"valueRequired\":true,\"valueName\":\"search_term_string\"}}],\"inLanguage\":\"es\"},{\"@type\":\"Organization\",\"@id\":\"https:\\\/\\\/www.artal.net\\\/es\\\/#organization\",\"name\":\"ARTAL Smart Agriculture\",\"url\":\"https:\\\/\\\/www.artal.net\\\/es\\\/\",\"logo\":{\"@type\":\"ImageObject\",\"inLanguage\":\"es\",\"@id\":\"https:\\\/\\\/www.artal.net\\\/es\\\/#\\\/schema\\\/logo\\\/image\\\/\",\"url\":\"https:\\\/\\\/www.artal.net\\\/wp-content\\\/uploads\\\/2025\\\/09\\\/artal-logo.png\",\"contentUrl\":\"https:\\\/\\\/www.artal.net\\\/wp-content\\\/uploads\\\/2025\\\/09\\\/artal-logo.png\",\"width\":1062,\"height\":525,\"caption\":\"ARTAL Smart Agriculture\"},\"image\":{\"@id\":\"https:\\\/\\\/www.artal.net\\\/es\\\/#\\\/schema\\\/logo\\\/image\\\/\"},\"sameAs\":[\"https:\\\/\\\/www.facebook.com\\\/ArtalSmartAgriculture\\\/\",\"https:\\\/\\\/www.youtube.com\\\/channel\\\/UCd_FVIbacOAp2mI_0Q-J4UA\"]},{\"@type\":\"Person\",\"@id\":\"https:\\\/\\\/www.artal.net\\\/es\\\/#\\\/schema\\\/person\\\/ab7266f0f816f4ea9d2d84e334f828d9\",\"name\":\"Espinosa\",\"image\":{\"@type\":\"ImageObject\",\"inLanguage\":\"es\",\"@id\":\"https:\\\/\\\/secure.gravatar.com\\\/avatar\\\/a8de73177022cdad7ac32d9100724411540a873ea0eaec403e97662ade5b2a17?s=96&d=mm&r=g\",\"url\":\"https:\\\/\\\/secure.gravatar.com\\\/avatar\\\/a8de73177022cdad7ac32d9100724411540a873ea0eaec403e97662ade5b2a17?s=96&d=mm&r=g\",\"contentUrl\":\"https:\\\/\\\/secure.gravatar.com\\\/avatar\\\/a8de73177022cdad7ac32d9100724411540a873ea0eaec403e97662ade5b2a17?s=96&d=mm&r=g\",\"caption\":\"Espinosa\"}}]}<\/script>\n<!-- \/ Yoast SEO plugin. -->","yoast_head_json":{"title":"C\u00f3mo reducir el uso de agroqu\u00edmicos sin renunciar a la eficacia - ARTAL Smart Agriculture","description":"Reducir agroqu\u00edmicos es posible sin perder eficacia. Apuesta por soluciones agr\u00edcolas sin residuos y mejora la sostenibilidad de cultivos.","robots":{"index":"index","follow":"follow","max-snippet":"max-snippet:-1","max-image-preview":"max-image-preview:large","max-video-preview":"max-video-preview:-1"},"canonical":"https:\/\/www.artal.net\/es\/2025\/06\/como-reducir-el-uso-de-agroquimicos-sin-renunciar-a-la-eficacia\/","og_locale":"es_ES","og_type":"article","og_title":"C\u00f3mo reducir el uso de agroqu\u00edmicos sin renunciar a la eficacia - ARTAL Smart Agriculture","og_description":"Reducir agroqu\u00edmicos es posible sin perder eficacia. Apuesta por soluciones agr\u00edcolas sin residuos y mejora la sostenibilidad de cultivos.","og_url":"https:\/\/www.artal.net\/es\/2025\/06\/como-reducir-el-uso-de-agroquimicos-sin-renunciar-a-la-eficacia\/","og_site_name":"ARTAL Smart Agriculture","article_publisher":"https:\/\/www.facebook.com\/ArtalSmartAgriculture\/","article_published_time":"2025-06-18T11:30:53+00:00","article_modified_time":"2025-10-03T15:03:58+00:00","og_image":[{"width":567,"height":312,"url":"https:\/\/www.artal.net\/wp-content\/uploads\/2025\/06\/reducir-el-uso-de-agroquimicos-sin-renunciar-a-la-eficacia.jpg","type":"image\/jpeg"}],"author":"Espinosa","twitter_card":"summary_large_image","twitter_misc":{"Escrito por":"Espinosa","Tiempo de lectura":"6 minutos"},"schema":{"@context":"https:\/\/schema.org","@graph":[{"@type":"Article","@id":"https:\/\/www.artal.net\/es\/2025\/06\/como-reducir-el-uso-de-agroquimicos-sin-renunciar-a-la-eficacia\/#article","isPartOf":{"@id":"https:\/\/www.artal.net\/es\/2025\/06\/como-reducir-el-uso-de-agroquimicos-sin-renunciar-a-la-eficacia\/"},"author":{"name":"Espinosa","@id":"https:\/\/www.artal.net\/es\/#\/schema\/person\/ab7266f0f816f4ea9d2d84e334f828d9"},"headline":"C\u00f3mo reducir el uso de agroqu\u00edmicos sin renunciar a la eficacia","datePublished":"2025-06-18T11:30:53+00:00","dateModified":"2025-10-03T15:03:58+00:00","mainEntityOfPage":{"@id":"https:\/\/www.artal.net\/es\/2025\/06\/como-reducir-el-uso-de-agroquimicos-sin-renunciar-a-la-eficacia\/"},"wordCount":874,"publisher":{"@id":"https:\/\/www.artal.net\/es\/#organization"},"image":{"@id":"https:\/\/www.artal.net\/es\/2025\/06\/como-reducir-el-uso-de-agroquimicos-sin-renunciar-a-la-eficacia\/#primaryimage"},"thumbnailUrl":"https:\/\/www.artal.net\/wp-content\/uploads\/2025\/06\/reducir-el-uso-de-agroquimicos-sin-renunciar-a-la-eficacia.jpg","articleSection":["BLOG"],"inLanguage":"es"},{"@type":"WebPage","@id":"https:\/\/www.artal.net\/es\/2025\/06\/como-reducir-el-uso-de-agroquimicos-sin-renunciar-a-la-eficacia\/","url":"https:\/\/www.artal.net\/es\/2025\/06\/como-reducir-el-uso-de-agroquimicos-sin-renunciar-a-la-eficacia\/","name":"C\u00f3mo reducir el uso de agroqu\u00edmicos sin renunciar a la eficacia - ARTAL Smart Agriculture","isPartOf":{"@id":"https:\/\/www.artal.net\/es\/#website"},"primaryImageOfPage":{"@id":"https:\/\/www.artal.net\/es\/2025\/06\/como-reducir-el-uso-de-agroquimicos-sin-renunciar-a-la-eficacia\/#primaryimage"},"image":{"@id":"https:\/\/www.artal.net\/es\/2025\/06\/como-reducir-el-uso-de-agroquimicos-sin-renunciar-a-la-eficacia\/#primaryimage"},"thumbnailUrl":"https:\/\/www.artal.net\/wp-content\/uploads\/2025\/06\/reducir-el-uso-de-agroquimicos-sin-renunciar-a-la-eficacia.jpg","datePublished":"2025-06-18T11:30:53+00:00","dateModified":"2025-10-03T15:03:58+00:00","description":"Reducir agroqu\u00edmicos es posible sin perder eficacia. Apuesta por soluciones agr\u00edcolas sin residuos y mejora la sostenibilidad de cultivos.","breadcrumb":{"@id":"https:\/\/www.artal.net\/es\/2025\/06\/como-reducir-el-uso-de-agroquimicos-sin-renunciar-a-la-eficacia\/#breadcrumb"},"inLanguage":"es","potentialAction":[{"@type":"ReadAction","target":["https:\/\/www.artal.net\/es\/2025\/06\/como-reducir-el-uso-de-agroquimicos-sin-renunciar-a-la-eficacia\/"]}]},{"@type":"ImageObject","inLanguage":"es","@id":"https:\/\/www.artal.net\/es\/2025\/06\/como-reducir-el-uso-de-agroquimicos-sin-renunciar-a-la-eficacia\/#primaryimage","url":"https:\/\/www.artal.net\/wp-content\/uploads\/2025\/06\/reducir-el-uso-de-agroquimicos-sin-renunciar-a-la-eficacia.jpg","contentUrl":"https:\/\/www.artal.net\/wp-content\/uploads\/2025\/06\/reducir-el-uso-de-agroquimicos-sin-renunciar-a-la-eficacia.jpg","width":567,"height":312,"caption":"C\u00f3mo reducir el uso de agroqu\u00edmicos sin renunciar a la eficacia"},{"@type":"BreadcrumbList","@id":"https:\/\/www.artal.net\/es\/2025\/06\/como-reducir-el-uso-de-agroquimicos-sin-renunciar-a-la-eficacia\/#breadcrumb","itemListElement":[{"@type":"ListItem","position":1,"name":"Portada","item":"https:\/\/www.artal.net\/es\/"},{"@type":"ListItem","position":2,"name":"C\u00f3mo reducir el uso de agroqu\u00edmicos sin renunciar a la eficacia"}]},{"@type":"WebSite","@id":"https:\/\/www.artal.net\/es\/#website","url":"https:\/\/www.artal.net\/es\/","name":"ARTAL Smart Agriculture","description":"Empresa y fabricante de fertilizantes l\u00edquidos y org\u00e1nicos para la agricultura","publisher":{"@id":"https:\/\/www.artal.net\/es\/#organization"},"potentialAction":[{"@type":"SearchAction","target":{"@type":"EntryPoint","urlTemplate":"https:\/\/www.artal.net\/es\/?s={search_term_string}"},"query-input":{"@type":"PropertyValueSpecification","valueRequired":true,"valueName":"search_term_string"}}],"inLanguage":"es"},{"@type":"Organization","@id":"https:\/\/www.artal.net\/es\/#organization","name":"ARTAL Smart Agriculture","url":"https:\/\/www.artal.net\/es\/","logo":{"@type":"ImageObject","inLanguage":"es","@id":"https:\/\/www.artal.net\/es\/#\/schema\/logo\/image\/","url":"https:\/\/www.artal.net\/wp-content\/uploads\/2025\/09\/artal-logo.png","contentUrl":"https:\/\/www.artal.net\/wp-content\/uploads\/2025\/09\/artal-logo.png","width":1062,"height":525,"caption":"ARTAL Smart Agriculture"},"image":{"@id":"https:\/\/www.artal.net\/es\/#\/schema\/logo\/image\/"},"sameAs":["https:\/\/www.facebook.com\/ArtalSmartAgriculture\/","https:\/\/www.youtube.com\/channel\/UCd_FVIbacOAp2mI_0Q-J4UA"]},{"@type":"Person","@id":"https:\/\/www.artal.net\/es\/#\/schema\/person\/ab7266f0f816f4ea9d2d84e334f828d9","name":"Espinosa","image":{"@type":"ImageObject","inLanguage":"es","@id":"https:\/\/secure.gravatar.com\/avatar\/a8de73177022cdad7ac32d9100724411540a873ea0eaec403e97662ade5b2a17?s=96&d=mm&r=g","url":"https:\/\/secure.gravatar.com\/avatar\/a8de73177022cdad7ac32d9100724411540a873ea0eaec403e97662ade5b2a17?s=96&d=mm&r=g","contentUrl":"https:\/\/secure.gravatar.com\/avatar\/a8de73177022cdad7ac32d9100724411540a873ea0eaec403e97662ade5b2a17?s=96&d=mm&r=g","caption":"Espinosa"}}]}},"_links":{"self":[{"href":"https:\/\/www.artal.net\/es\/wp-json\/wp\/v2\/posts\/28472","targetHints":{"allow":["GET"]}}],"collection":[{"href":"https:\/\/www.artal.net\/es\/wp-json\/wp\/v2\/posts"}],"about":[{"href":"https:\/\/www.artal.net\/es\/wp-json\/wp\/v2\/types\/post"}],"author":[{"embeddable":true,"href":"https:\/\/www.artal.net\/es\/wp-json\/wp\/v2\/users\/2"}],"replies":[{"embeddable":true,"href":"https:\/\/www.artal.net\/es\/wp-json\/wp\/v2\/comments?post=28472"}],"version-history":[{"count":3,"href":"https:\/\/www.artal.net\/es\/wp-json\/wp\/v2\/posts\/28472\/revisions"}],"predecessor-version":[{"id":30910,"href":"https:\/\/www.artal.net\/es\/wp-json\/wp\/v2\/posts\/28472\/revisions\/30910"}],"wp:featuredmedia":[{"embeddable":true,"href":"https:\/\/www.artal.net\/es\/wp-json\/wp\/v2\/media\/28474"}],"wp:attachment":[{"href":"https:\/\/www.artal.net\/es\/wp-json\/wp\/v2\/media?parent=28472"}],"wp:term":[{"taxonomy":"category","embeddable":true,"href":"https:\/\/www.artal.net\/es\/wp-json\/wp\/v2\/categories?post=28472"},{"taxonomy":"post_tag","embeddable":true,"href":"https:\/\/www.artal.net\/es\/wp-json\/wp\/v2\/tags?post=28472"},{"taxonomy":"categoria-productos-artal","embeddable":true,"href":"https:\/\/www.artal.net\/es\/wp-json\/wp\/v2\/categoria-productos-artal?post=28472"}],"curies":[{"name":"wp","href":"https:\/\/api.w.org\/{rel}","templated":true}]}}