{"id":1251,"date":"2008-04-06T12:15:48","date_gmt":"2008-04-06T12:15:48","guid":{"rendered":"http:\/\/nueva.artal.net\/?p=1251"},"modified":"2025-09-30T10:11:35","modified_gmt":"2025-09-30T10:11:35","slug":"artal-agronutrientes-amplia-su-presencia-en-el-oriente-medio-con-la-entrada-en-libano","status":"publish","type":"post","link":"https:\/\/www.artal.net\/es\/2008\/04\/artal-agronutrientes-amplia-su-presencia-en-el-oriente-medio-con-la-entrada-en-libano\/","title":{"rendered":"Artal Agronutrientes amplia su presencia en el oriente medio con la entrada en L\u00edbano"},"content":{"rendered":"<p><!--:es-->Artal Agronutrientes ha iniciado la exportaci\u00f3n de sus productos a L\u00edbano, tras alcanzar un acuerdo con una empresa distribuidora del pa\u00eds Mediterr\u00e1neo.<!--:--><!--:en-->Artal Agronutrients has started selling its products in Lebanon, after reaching an agreement with a distribution company from the Mediterranean country.<!--:--><\/p>\n","protected":false},"excerpt":{"rendered":"<p>Artal Agronutrientes ha iniciado la exportaci\u00f3n de sus productos a L\u00edbano, tras alcanzar un acuerdo con una empresa distribuidora del pa\u00eds Mediterr\u00e1neo.Artal Agronutrients has started selling its products in Lebanon, after reaching an agreement with a distribution company from the Mediterranean country.<\/p>\n","protected":false},"author":1,"featured_media":1253,"comment_status":"open","ping_status":"open","sticky":false,"template":"","format":"standard","meta":{"_acf_changed":false,"footnotes":""},"categories":[12],"tags":[],"categoria-productos-artal":[],"class_list":["post-1251","post","type-post","status-publish","format-standard","has-post-thumbnail","hentry","category-noticias"],"acf":[],"yoast_head":"<!-- This site is optimized with the Yoast SEO plugin v27.4 - https:\/\/yoast.com\/product\/yoast-seo-wordpress\/ -->\n<title>Artal Agronutrientes amplia su presencia en el oriente medio con la entrada en L\u00edbano - ARTAL Smart Agriculture<\/title>\n<meta name=\"robots\" content=\"noindex, follow\" \/>\n<meta property=\"og:locale\" content=\"es_ES\" \/>\n<meta property=\"og:type\" content=\"article\" \/>\n<meta property=\"og:title\" content=\"Artal Agronutrientes amplia su presencia en el oriente medio con la entrada en L\u00edbano - ARTAL Smart Agriculture\" \/>\n<meta property=\"og:description\" content=\"Artal Agronutrientes ha iniciado la exportaci\u00f3n de sus productos a L\u00edbano, tras alcanzar un acuerdo con una empresa distribuidora del pa\u00eds Mediterr\u00e1neo.Artal Agronutrients has started selling its products in Lebanon, after reaching an agreement with a distribution company from the Mediterranean country.\" \/>\n<meta property=\"og:url\" content=\"https:\/\/www.artal.net\/es\/2008\/04\/artal-agronutrientes-amplia-su-presencia-en-el-oriente-medio-con-la-entrada-en-libano\/\" \/>\n<meta property=\"og:site_name\" content=\"ARTAL Smart Agriculture\" \/>\n<meta property=\"article:publisher\" content=\"https:\/\/www.facebook.com\/ArtalSmartAgriculture\/\" \/>\n<meta property=\"article:published_time\" content=\"2008-04-06T12:15:48+00:00\" \/>\n<meta property=\"article:modified_time\" content=\"2025-09-30T10:11:35+00:00\" \/>\n<meta name=\"author\" content=\"admin\" \/>\n<meta name=\"twitter:card\" content=\"summary_large_image\" \/>\n<meta name=\"twitter:label1\" content=\"Escrito por\" \/>\n\t<meta name=\"twitter:data1\" content=\"admin\" \/>\n\t<meta name=\"twitter:label2\" content=\"Tiempo de lectura\" \/>\n\t<meta name=\"twitter:data2\" content=\"1 minuto\" \/>\n<script type=\"application\/ld+json\" class=\"yoast-schema-graph\">{\"@context\":\"https:\\\/\\\/schema.org\",\"@graph\":[{\"@type\":\"Article\",\"@id\":\"https:\\\/\\\/www.artal.net\\\/es\\\/2008\\\/04\\\/artal-agronutrientes-amplia-su-presencia-en-el-oriente-medio-con-la-entrada-en-libano\\\/#article\",\"isPartOf\":{\"@id\":\"https:\\\/\\\/www.artal.net\\\/es\\\/2008\\\/04\\\/artal-agronutrientes-amplia-su-presencia-en-el-oriente-medio-con-la-entrada-en-libano\\\/\"},\"author\":{\"name\":\"admin\",\"@id\":\"https:\\\/\\\/www.artal.net\\\/es\\\/#\\\/schema\\\/person\\\/9a937bd2cffdd3a823f06a77f9a62cd2\"},\"headline\":\"Artal Agronutrientes amplia su presencia en el oriente medio con la entrada en L\u00edbano\",\"datePublished\":\"2008-04-06T12:15:48+00:00\",\"dateModified\":\"2025-09-30T10:11:35+00:00\",\"mainEntityOfPage\":{\"@id\":\"https:\\\/\\\/www.artal.net\\\/es\\\/2008\\\/04\\\/artal-agronutrientes-amplia-su-presencia-en-el-oriente-medio-con-la-entrada-en-libano\\\/\"},\"wordCount\":62,\"commentCount\":0,\"publisher\":{\"@id\":\"https:\\\/\\\/www.artal.net\\\/es\\\/#organization\"},\"image\":{\"@id\":\"https:\\\/\\\/www.artal.net\\\/es\\\/2008\\\/04\\\/artal-agronutrientes-amplia-su-presencia-en-el-oriente-medio-con-la-entrada-en-libano\\\/#primaryimage\"},\"thumbnailUrl\":\"\",\"articleSection\":[\"NOTICIAS\"],\"inLanguage\":\"es\",\"potentialAction\":[{\"@type\":\"CommentAction\",\"name\":\"Comment\",\"target\":[\"https:\\\/\\\/www.artal.net\\\/es\\\/2008\\\/04\\\/artal-agronutrientes-amplia-su-presencia-en-el-oriente-medio-con-la-entrada-en-libano\\\/#respond\"]}]},{\"@type\":\"WebPage\",\"@id\":\"https:\\\/\\\/www.artal.net\\\/es\\\/2008\\\/04\\\/artal-agronutrientes-amplia-su-presencia-en-el-oriente-medio-con-la-entrada-en-libano\\\/\",\"url\":\"https:\\\/\\\/www.artal.net\\\/es\\\/2008\\\/04\\\/artal-agronutrientes-amplia-su-presencia-en-el-oriente-medio-con-la-entrada-en-libano\\\/\",\"name\":\"Artal Agronutrientes amplia su presencia en el oriente medio con la entrada en L\u00edbano - ARTAL Smart Agriculture\",\"isPartOf\":{\"@id\":\"https:\\\/\\\/www.artal.net\\\/es\\\/#website\"},\"primaryImageOfPage\":{\"@id\":\"https:\\\/\\\/www.artal.net\\\/es\\\/2008\\\/04\\\/artal-agronutrientes-amplia-su-presencia-en-el-oriente-medio-con-la-entrada-en-libano\\\/#primaryimage\"},\"image\":{\"@id\":\"https:\\\/\\\/www.artal.net\\\/es\\\/2008\\\/04\\\/artal-agronutrientes-amplia-su-presencia-en-el-oriente-medio-con-la-entrada-en-libano\\\/#primaryimage\"},\"thumbnailUrl\":\"\",\"datePublished\":\"2008-04-06T12:15:48+00:00\",\"dateModified\":\"2025-09-30T10:11:35+00:00\",\"breadcrumb\":{\"@id\":\"https:\\\/\\\/www.artal.net\\\/es\\\/2008\\\/04\\\/artal-agronutrientes-amplia-su-presencia-en-el-oriente-medio-con-la-entrada-en-libano\\\/#breadcrumb\"},\"inLanguage\":\"es\",\"potentialAction\":[{\"@type\":\"ReadAction\",\"target\":[\"https:\\\/\\\/www.artal.net\\\/es\\\/2008\\\/04\\\/artal-agronutrientes-amplia-su-presencia-en-el-oriente-medio-con-la-entrada-en-libano\\\/\"]}]},{\"@type\":\"ImageObject\",\"inLanguage\":\"es\",\"@id\":\"https:\\\/\\\/www.artal.net\\\/es\\\/2008\\\/04\\\/artal-agronutrientes-amplia-su-presencia-en-el-oriente-medio-con-la-entrada-en-libano\\\/#primaryimage\",\"url\":\"\",\"contentUrl\":\"\"},{\"@type\":\"BreadcrumbList\",\"@id\":\"https:\\\/\\\/www.artal.net\\\/es\\\/2008\\\/04\\\/artal-agronutrientes-amplia-su-presencia-en-el-oriente-medio-con-la-entrada-en-libano\\\/#breadcrumb\",\"itemListElement\":[{\"@type\":\"ListItem\",\"position\":1,\"name\":\"Portada\",\"item\":\"https:\\\/\\\/www.artal.net\\\/es\\\/\"},{\"@type\":\"ListItem\",\"position\":2,\"name\":\"Artal Agronutrientes amplia su presencia en el oriente medio con la entrada en L\u00edbano\"}]},{\"@type\":\"WebSite\",\"@id\":\"https:\\\/\\\/www.artal.net\\\/es\\\/#website\",\"url\":\"https:\\\/\\\/www.artal.net\\\/es\\\/\",\"name\":\"ARTAL Smart Agriculture\",\"description\":\"Empresa y fabricante de fertilizantes l\u00edquidos y org\u00e1nicos para la agricultura\",\"publisher\":{\"@id\":\"https:\\\/\\\/www.artal.net\\\/es\\\/#organization\"},\"potentialAction\":[{\"@type\":\"SearchAction\",\"target\":{\"@type\":\"EntryPoint\",\"urlTemplate\":\"https:\\\/\\\/www.artal.net\\\/es\\\/?s={search_term_string}\"},\"query-input\":{\"@type\":\"PropertyValueSpecification\",\"valueRequired\":true,\"valueName\":\"search_term_string\"}}],\"inLanguage\":\"es\"},{\"@type\":\"Organization\",\"@id\":\"https:\\\/\\\/www.artal.net\\\/es\\\/#organization\",\"name\":\"ARTAL Smart Agriculture\",\"url\":\"https:\\\/\\\/www.artal.net\\\/es\\\/\",\"logo\":{\"@type\":\"ImageObject\",\"inLanguage\":\"es\",\"@id\":\"https:\\\/\\\/www.artal.net\\\/es\\\/#\\\/schema\\\/logo\\\/image\\\/\",\"url\":\"https:\\\/\\\/www.artal.net\\\/wp-content\\\/uploads\\\/2025\\\/09\\\/artal-logo.png\",\"contentUrl\":\"https:\\\/\\\/www.artal.net\\\/wp-content\\\/uploads\\\/2025\\\/09\\\/artal-logo.png\",\"width\":1062,\"height\":525,\"caption\":\"ARTAL Smart Agriculture\"},\"image\":{\"@id\":\"https:\\\/\\\/www.artal.net\\\/es\\\/#\\\/schema\\\/logo\\\/image\\\/\"},\"sameAs\":[\"https:\\\/\\\/www.facebook.com\\\/ArtalSmartAgriculture\\\/\",\"https:\\\/\\\/www.youtube.com\\\/channel\\\/UCd_FVIbacOAp2mI_0Q-J4UA\"]},{\"@type\":\"Person\",\"@id\":\"https:\\\/\\\/www.artal.net\\\/es\\\/#\\\/schema\\\/person\\\/9a937bd2cffdd3a823f06a77f9a62cd2\",\"name\":\"admin\",\"image\":{\"@type\":\"ImageObject\",\"inLanguage\":\"es\",\"@id\":\"https:\\\/\\\/secure.gravatar.com\\\/avatar\\\/b01dda6d7de4e01bc25f53572e6fe2cf934f1315139c2647b8ca1022bb9e3e0b?s=96&d=mm&r=g\",\"url\":\"https:\\\/\\\/secure.gravatar.com\\\/avatar\\\/b01dda6d7de4e01bc25f53572e6fe2cf934f1315139c2647b8ca1022bb9e3e0b?s=96&d=mm&r=g\",\"contentUrl\":\"https:\\\/\\\/secure.gravatar.com\\\/avatar\\\/b01dda6d7de4e01bc25f53572e6fe2cf934f1315139c2647b8ca1022bb9e3e0b?s=96&d=mm&r=g\",\"caption\":\"admin\"},\"sameAs\":[\"https:\\\/\\\/www.artal.net\"]}]}<\/script>\n<!-- \/ Yoast SEO plugin. -->","yoast_head_json":{"title":"Artal Agronutrientes amplia su presencia en el oriente medio con la entrada en L\u00edbano - ARTAL Smart Agriculture","robots":{"index":"noindex","follow":"follow"},"og_locale":"es_ES","og_type":"article","og_title":"Artal Agronutrientes amplia su presencia en el oriente medio con la entrada en L\u00edbano - ARTAL Smart Agriculture","og_description":"Artal Agronutrientes ha iniciado la exportaci\u00f3n de sus productos a L\u00edbano, tras alcanzar un acuerdo con una empresa distribuidora del pa\u00eds Mediterr\u00e1neo.Artal Agronutrients has started selling its products in Lebanon, after reaching an agreement with a distribution company from the Mediterranean country.","og_url":"https:\/\/www.artal.net\/es\/2008\/04\/artal-agronutrientes-amplia-su-presencia-en-el-oriente-medio-con-la-entrada-en-libano\/","og_site_name":"ARTAL Smart Agriculture","article_publisher":"https:\/\/www.facebook.com\/ArtalSmartAgriculture\/","article_published_time":"2008-04-06T12:15:48+00:00","article_modified_time":"2025-09-30T10:11:35+00:00","author":"admin","twitter_card":"summary_large_image","twitter_misc":{"Escrito por":"admin","Tiempo de lectura":"1 minuto"},"schema":{"@context":"https:\/\/schema.org","@graph":[{"@type":"Article","@id":"https:\/\/www.artal.net\/es\/2008\/04\/artal-agronutrientes-amplia-su-presencia-en-el-oriente-medio-con-la-entrada-en-libano\/#article","isPartOf":{"@id":"https:\/\/www.artal.net\/es\/2008\/04\/artal-agronutrientes-amplia-su-presencia-en-el-oriente-medio-con-la-entrada-en-libano\/"},"author":{"name":"admin","@id":"https:\/\/www.artal.net\/es\/#\/schema\/person\/9a937bd2cffdd3a823f06a77f9a62cd2"},"headline":"Artal Agronutrientes amplia su presencia en el oriente medio con la entrada en L\u00edbano","datePublished":"2008-04-06T12:15:48+00:00","dateModified":"2025-09-30T10:11:35+00:00","mainEntityOfPage":{"@id":"https:\/\/www.artal.net\/es\/2008\/04\/artal-agronutrientes-amplia-su-presencia-en-el-oriente-medio-con-la-entrada-en-libano\/"},"wordCount":62,"commentCount":0,"publisher":{"@id":"https:\/\/www.artal.net\/es\/#organization"},"image":{"@id":"https:\/\/www.artal.net\/es\/2008\/04\/artal-agronutrientes-amplia-su-presencia-en-el-oriente-medio-con-la-entrada-en-libano\/#primaryimage"},"thumbnailUrl":"","articleSection":["NOTICIAS"],"inLanguage":"es","potentialAction":[{"@type":"CommentAction","name":"Comment","target":["https:\/\/www.artal.net\/es\/2008\/04\/artal-agronutrientes-amplia-su-presencia-en-el-oriente-medio-con-la-entrada-en-libano\/#respond"]}]},{"@type":"WebPage","@id":"https:\/\/www.artal.net\/es\/2008\/04\/artal-agronutrientes-amplia-su-presencia-en-el-oriente-medio-con-la-entrada-en-libano\/","url":"https:\/\/www.artal.net\/es\/2008\/04\/artal-agronutrientes-amplia-su-presencia-en-el-oriente-medio-con-la-entrada-en-libano\/","name":"Artal Agronutrientes amplia su presencia en el oriente medio con la entrada en L\u00edbano - ARTAL Smart Agriculture","isPartOf":{"@id":"https:\/\/www.artal.net\/es\/#website"},"primaryImageOfPage":{"@id":"https:\/\/www.artal.net\/es\/2008\/04\/artal-agronutrientes-amplia-su-presencia-en-el-oriente-medio-con-la-entrada-en-libano\/#primaryimage"},"image":{"@id":"https:\/\/www.artal.net\/es\/2008\/04\/artal-agronutrientes-amplia-su-presencia-en-el-oriente-medio-con-la-entrada-en-libano\/#primaryimage"},"thumbnailUrl":"","datePublished":"2008-04-06T12:15:48+00:00","dateModified":"2025-09-30T10:11:35+00:00","breadcrumb":{"@id":"https:\/\/www.artal.net\/es\/2008\/04\/artal-agronutrientes-amplia-su-presencia-en-el-oriente-medio-con-la-entrada-en-libano\/#breadcrumb"},"inLanguage":"es","potentialAction":[{"@type":"ReadAction","target":["https:\/\/www.artal.net\/es\/2008\/04\/artal-agronutrientes-amplia-su-presencia-en-el-oriente-medio-con-la-entrada-en-libano\/"]}]},{"@type":"ImageObject","inLanguage":"es","@id":"https:\/\/www.artal.net\/es\/2008\/04\/artal-agronutrientes-amplia-su-presencia-en-el-oriente-medio-con-la-entrada-en-libano\/#primaryimage","url":"","contentUrl":""},{"@type":"BreadcrumbList","@id":"https:\/\/www.artal.net\/es\/2008\/04\/artal-agronutrientes-amplia-su-presencia-en-el-oriente-medio-con-la-entrada-en-libano\/#breadcrumb","itemListElement":[{"@type":"ListItem","position":1,"name":"Portada","item":"https:\/\/www.artal.net\/es\/"},{"@type":"ListItem","position":2,"name":"Artal Agronutrientes amplia su presencia en el oriente medio con la entrada en L\u00edbano"}]},{"@type":"WebSite","@id":"https:\/\/www.artal.net\/es\/#website","url":"https:\/\/www.artal.net\/es\/","name":"ARTAL Smart Agriculture","description":"Empresa y fabricante de fertilizantes l\u00edquidos y org\u00e1nicos para la agricultura","publisher":{"@id":"https:\/\/www.artal.net\/es\/#organization"},"potentialAction":[{"@type":"SearchAction","target":{"@type":"EntryPoint","urlTemplate":"https:\/\/www.artal.net\/es\/?s={search_term_string}"},"query-input":{"@type":"PropertyValueSpecification","valueRequired":true,"valueName":"search_term_string"}}],"inLanguage":"es"},{"@type":"Organization","@id":"https:\/\/www.artal.net\/es\/#organization","name":"ARTAL Smart Agriculture","url":"https:\/\/www.artal.net\/es\/","logo":{"@type":"ImageObject","inLanguage":"es","@id":"https:\/\/www.artal.net\/es\/#\/schema\/logo\/image\/","url":"https:\/\/www.artal.net\/wp-content\/uploads\/2025\/09\/artal-logo.png","contentUrl":"https:\/\/www.artal.net\/wp-content\/uploads\/2025\/09\/artal-logo.png","width":1062,"height":525,"caption":"ARTAL Smart Agriculture"},"image":{"@id":"https:\/\/www.artal.net\/es\/#\/schema\/logo\/image\/"},"sameAs":["https:\/\/www.facebook.com\/ArtalSmartAgriculture\/","https:\/\/www.youtube.com\/channel\/UCd_FVIbacOAp2mI_0Q-J4UA"]},{"@type":"Person","@id":"https:\/\/www.artal.net\/es\/#\/schema\/person\/9a937bd2cffdd3a823f06a77f9a62cd2","name":"admin","image":{"@type":"ImageObject","inLanguage":"es","@id":"https:\/\/secure.gravatar.com\/avatar\/b01dda6d7de4e01bc25f53572e6fe2cf934f1315139c2647b8ca1022bb9e3e0b?s=96&d=mm&r=g","url":"https:\/\/secure.gravatar.com\/avatar\/b01dda6d7de4e01bc25f53572e6fe2cf934f1315139c2647b8ca1022bb9e3e0b?s=96&d=mm&r=g","contentUrl":"https:\/\/secure.gravatar.com\/avatar\/b01dda6d7de4e01bc25f53572e6fe2cf934f1315139c2647b8ca1022bb9e3e0b?s=96&d=mm&r=g","caption":"admin"},"sameAs":["https:\/\/www.artal.net"]}]}},"_links":{"self":[{"href":"https:\/\/www.artal.net\/es\/wp-json\/wp\/v2\/posts\/1251","targetHints":{"allow":["GET"]}}],"collection":[{"href":"https:\/\/www.artal.net\/es\/wp-json\/wp\/v2\/posts"}],"about":[{"href":"https:\/\/www.artal.net\/es\/wp-json\/wp\/v2\/types\/post"}],"author":[{"embeddable":true,"href":"https:\/\/www.artal.net\/es\/wp-json\/wp\/v2\/users\/1"}],"replies":[{"embeddable":true,"href":"https:\/\/www.artal.net\/es\/wp-json\/wp\/v2\/comments?post=1251"}],"version-history":[{"count":1,"href":"https:\/\/www.artal.net\/es\/wp-json\/wp\/v2\/posts\/1251\/revisions"}],"predecessor-version":[{"id":29946,"href":"https:\/\/www.artal.net\/es\/wp-json\/wp\/v2\/posts\/1251\/revisions\/29946"}],"wp:featuredmedia":[{"embeddable":true,"href":"https:\/\/www.artal.net\/es\/wp-json\/"}],"wp:attachment":[{"href":"https:\/\/www.artal.net\/es\/wp-json\/wp\/v2\/media?parent=1251"}],"wp:term":[{"taxonomy":"category","embeddable":true,"href":"https:\/\/www.artal.net\/es\/wp-json\/wp\/v2\/categories?post=1251"},{"taxonomy":"post_tag","embeddable":true,"href":"https:\/\/www.artal.net\/es\/wp-json\/wp\/v2\/tags?post=1251"},{"taxonomy":"categoria-productos-artal","embeddable":true,"href":"https:\/\/www.artal.net\/es\/wp-json\/wp\/v2\/categoria-productos-artal?post=1251"}],"curies":[{"name":"wp","href":"https:\/\/api.w.org\/{rel}","templated":true}]}}